{"id":13755,"date":"2016-01-28T18:41:22","date_gmt":"2016-01-28T17:41:22","guid":{"rendered":"http:\/\/novamuska.org\/?p=13755"},"modified":"2016-01-29T11:14:05","modified_gmt":"2016-01-29T10:14:05","slug":"benc-z-big-bandom","status":"publish","type":"post","link":"https:\/\/novamuska.org\/?p=13755","title":{"rendered":"Ben\u010d z Big Bandom"},"content":{"rendered":"<p>Fotozgodba s koncerta Janeza Bon\u010dine Ben\u010da z Big Bandom RTV Slovenija v SiTi Teatru 15. januarja 2016.<\/p>\n<p><img loading=\"lazy\" decoding=\"async\" class=\"size-medium wp-image-13756 aligncenter\" src=\"https:\/\/novamuska.org\/wp-content\/uploads\/2016\/01\/Janez-Bonc_ina-Benc_-in-Big-Band-RTV-SLO_SiTi-Teater_foto-Iskra-5-600x400.jpg\" alt=\"Janez Bon\u010dina Ben\u010d in Big Band RTV Slovenija, SiTi Teater, Ljubljana, foto: Sebastijan Iskra\" width=\"600\" height=\"400\" srcset=\"https:\/\/novamuska.org\/wp-content\/uploads\/2016\/01\/Janez-Bonc_ina-Benc_-in-Big-Band-RTV-SLO_SiTi-Teater_foto-Iskra-5-600x400.jpg 600w, https:\/\/novamuska.org\/wp-content\/uploads\/2016\/01\/Janez-Bonc_ina-Benc_-in-Big-Band-RTV-SLO_SiTi-Teater_foto-Iskra-5-1024x683.jpg 1024w, https:\/\/novamuska.org\/wp-content\/uploads\/2016\/01\/Janez-Bonc_ina-Benc_-in-Big-Band-RTV-SLO_SiTi-Teater_foto-Iskra-5-768x512.jpg 768w, https:\/\/novamuska.org\/wp-content\/uploads\/2016\/01\/Janez-Bonc_ina-Benc_-in-Big-Band-RTV-SLO_SiTi-Teater_foto-Iskra-5.jpg 1200w\" sizes=\"auto, (max-width: 600px) 100vw, 600px\" \/><\/p>\n<p><img loading=\"lazy\" decoding=\"async\" class=\"size-medium wp-image-13757 aligncenter\" src=\"https:\/\/novamuska.org\/wp-content\/uploads\/2016\/01\/Janez-Bonc_ina-Benc_-in-Big-Band-RTV-SLO_SiTi-Teater_foto-Iskra-7-600x400.jpg\" alt=\"Janez Bon\u010dina Ben\u010d in Big Band RTV Slovenija, SiTi Teater, Ljubljana, foto: Sebastijan Iskra\" width=\"600\" height=\"400\" srcset=\"https:\/\/novamuska.org\/wp-content\/uploads\/2016\/01\/Janez-Bonc_ina-Benc_-in-Big-Band-RTV-SLO_SiTi-Teater_foto-Iskra-7-600x400.jpg 600w, https:\/\/novamuska.org\/wp-content\/uploads\/2016\/01\/Janez-Bonc_ina-Benc_-in-Big-Band-RTV-SLO_SiTi-Teater_foto-Iskra-7-1024x683.jpg 1024w, https:\/\/novamuska.org\/wp-content\/uploads\/2016\/01\/Janez-Bonc_ina-Benc_-in-Big-Band-RTV-SLO_SiTi-Teater_foto-Iskra-7-768x512.jpg 768w, https:\/\/novamuska.org\/wp-content\/uploads\/2016\/01\/Janez-Bonc_ina-Benc_-in-Big-Band-RTV-SLO_SiTi-Teater_foto-Iskra-7.jpg 1200w\" sizes=\"auto, (max-width: 600px) 100vw, 600px\" \/><\/p>\n<p><img loading=\"lazy\" decoding=\"async\" class=\"size-medium wp-image-13758 aligncenter\" src=\"https:\/\/novamuska.org\/wp-content\/uploads\/2016\/01\/Janez-Bonc_ina-Benc_-in-Big-Band-RTV-SLO_SiTi-Teater_foto-Iskra-9-600x400.jpg\" alt=\"Janez Bon\u010dina Ben\u010d in Big Band RTV Slovenija, SiTi Teater, Ljubljana, foto: Sebastijan Iskra\" width=\"600\" height=\"400\" srcset=\"https:\/\/novamuska.org\/wp-content\/uploads\/2016\/01\/Janez-Bonc_ina-Benc_-in-Big-Band-RTV-SLO_SiTi-Teater_foto-Iskra-9-600x400.jpg 600w, https:\/\/novamuska.org\/wp-content\/uploads\/2016\/01\/Janez-Bonc_ina-Benc_-in-Big-Band-RTV-SLO_SiTi-Teater_foto-Iskra-9-1024x683.jpg 1024w, https:\/\/novamuska.org\/wp-content\/uploads\/2016\/01\/Janez-Bonc_ina-Benc_-in-Big-Band-RTV-SLO_SiTi-Teater_foto-Iskra-9-768x512.jpg 768w, https:\/\/novamuska.org\/wp-content\/uploads\/2016\/01\/Janez-Bonc_ina-Benc_-in-Big-Band-RTV-SLO_SiTi-Teater_foto-Iskra-9.jpg 1200w\" sizes=\"auto, (max-width: 600px) 100vw, 600px\" \/><\/p>\n<p><img loading=\"lazy\" decoding=\"async\" class=\"size-medium wp-image-13759 aligncenter\" src=\"https:\/\/novamuska.org\/wp-content\/uploads\/2016\/01\/Janez-Bonc_ina-Benc_-in-Big-Band-RTV-SLO_SiTi-Teater_foto-Iskra-10-600x400.jpg\" alt=\"Janez Bon\u010dina Ben\u010d in Big Band RTV Slovenija, SiTi Teater, Ljubljana, foto: Sebastijan Iskra\" width=\"600\" height=\"400\" srcset=\"https:\/\/novamuska.org\/wp-content\/uploads\/2016\/01\/Janez-Bonc_ina-Benc_-in-Big-Band-RTV-SLO_SiTi-Teater_foto-Iskra-10-600x400.jpg 600w, https:\/\/novamuska.org\/wp-content\/uploads\/2016\/01\/Janez-Bonc_ina-Benc_-in-Big-Band-RTV-SLO_SiTi-Teater_foto-Iskra-10-1024x683.jpg 1024w, https:\/\/novamuska.org\/wp-content\/uploads\/2016\/01\/Janez-Bonc_ina-Benc_-in-Big-Band-RTV-SLO_SiTi-Teater_foto-Iskra-10-768x512.jpg 768w, https:\/\/novamuska.org\/wp-content\/uploads\/2016\/01\/Janez-Bonc_ina-Benc_-in-Big-Band-RTV-SLO_SiTi-Teater_foto-Iskra-10.jpg 1200w\" sizes=\"auto, (max-width: 600px) 100vw, 600px\" \/><\/p>\n<p><img loading=\"lazy\" decoding=\"async\" class=\"size-medium wp-image-13760 aligncenter\" src=\"https:\/\/novamuska.org\/wp-content\/uploads\/2016\/01\/Janez-Bonc_ina-Benc_-in-Big-Band-RTV-SLO_SiTi-Teater_foto-Iskra-14-400x600.jpg\" alt=\"Janez Bon\u010dina Ben\u010d in Big Band RTV Slovenija, SiTi Teater, Ljubljana, foto: Sebastijan Iskra\" width=\"400\" height=\"600\" srcset=\"https:\/\/novamuska.org\/wp-content\/uploads\/2016\/01\/Janez-Bonc_ina-Benc_-in-Big-Band-RTV-SLO_SiTi-Teater_foto-Iskra-14-400x600.jpg 400w, https:\/\/novamuska.org\/wp-content\/uploads\/2016\/01\/Janez-Bonc_ina-Benc_-in-Big-Band-RTV-SLO_SiTi-Teater_foto-Iskra-14-683x1024.jpg 683w, https:\/\/novamuska.org\/wp-content\/uploads\/2016\/01\/Janez-Bonc_ina-Benc_-in-Big-Band-RTV-SLO_SiTi-Teater_foto-Iskra-14-768x1152.jpg 768w, https:\/\/novamuska.org\/wp-content\/uploads\/2016\/01\/Janez-Bonc_ina-Benc_-in-Big-Band-RTV-SLO_SiTi-Teater_foto-Iskra-14.jpg 800w\" sizes=\"auto, (max-width: 400px) 100vw, 400px\" \/><\/p>\n<p><img loading=\"lazy\" decoding=\"async\" class=\"size-medium wp-image-13761 aligncenter\" src=\"https:\/\/novamuska.org\/wp-content\/uploads\/2016\/01\/Janez-Bonc_ina-Benc_-in-Big-Band-RTV-SLO_SiTi-Teater_foto-Iskra-15-600x400.jpg\" alt=\"Janez Bon\u010dina Ben\u010d in Big Band RTV Slovenija, SiTi Teater, Ljubljana, foto: Sebastijan Iskra\" width=\"600\" height=\"400\" srcset=\"https:\/\/novamuska.org\/wp-content\/uploads\/2016\/01\/Janez-Bonc_ina-Benc_-in-Big-Band-RTV-SLO_SiTi-Teater_foto-Iskra-15-600x400.jpg 600w, https:\/\/novamuska.org\/wp-content\/uploads\/2016\/01\/Janez-Bonc_ina-Benc_-in-Big-Band-RTV-SLO_SiTi-Teater_foto-Iskra-15-1024x683.jpg 1024w, https:\/\/novamuska.org\/wp-content\/uploads\/2016\/01\/Janez-Bonc_ina-Benc_-in-Big-Band-RTV-SLO_SiTi-Teater_foto-Iskra-15-768x512.jpg 768w, https:\/\/novamuska.org\/wp-content\/uploads\/2016\/01\/Janez-Bonc_ina-Benc_-in-Big-Band-RTV-SLO_SiTi-Teater_foto-Iskra-15.jpg 1200w\" sizes=\"auto, (max-width: 600px) 100vw, 600px\" \/><\/p>\n<p><img loading=\"lazy\" decoding=\"async\" class=\"size-medium wp-image-13762 aligncenter\" src=\"https:\/\/novamuska.org\/wp-content\/uploads\/2016\/01\/Janez-Bonc_ina-Benc_-in-Big-Band-RTV-SLO_SiTi-Teater_foto-Iskra-17-600x400.jpg\" alt=\"Janez Bon\u010dina Ben\u010d in Big Band RTV Slovenija, SiTi Teater, Ljubljana, foto: Sebastijan Iskra\" width=\"600\" height=\"400\" srcset=\"https:\/\/novamuska.org\/wp-content\/uploads\/2016\/01\/Janez-Bonc_ina-Benc_-in-Big-Band-RTV-SLO_SiTi-Teater_foto-Iskra-17-600x400.jpg 600w, https:\/\/novamuska.org\/wp-content\/uploads\/2016\/01\/Janez-Bonc_ina-Benc_-in-Big-Band-RTV-SLO_SiTi-Teater_foto-Iskra-17-1024x683.jpg 1024w, https:\/\/novamuska.org\/wp-content\/uploads\/2016\/01\/Janez-Bonc_ina-Benc_-in-Big-Band-RTV-SLO_SiTi-Teater_foto-Iskra-17-768x512.jpg 768w, https:\/\/novamuska.org\/wp-content\/uploads\/2016\/01\/Janez-Bonc_ina-Benc_-in-Big-Band-RTV-SLO_SiTi-Teater_foto-Iskra-17.jpg 1200w\" sizes=\"auto, (max-width: 600px) 100vw, 600px\" \/><\/p>\n<p><img loading=\"lazy\" decoding=\"async\" class=\"size-medium wp-image-13763 aligncenter\" src=\"https:\/\/novamuska.org\/wp-content\/uploads\/2016\/01\/Janez-Bonc_ina-Benc_-in-Big-Band-RTV-SLO_SiTi-Teater_foto-Iskra-18-600x400.jpg\" alt=\"Janez Bon\u010dina Ben\u010d in Big Band RTV Slovenija, SiTi Teater, Ljubljana, foto: Sebastijan Iskra\" width=\"600\" height=\"400\" srcset=\"https:\/\/novamuska.org\/wp-content\/uploads\/2016\/01\/Janez-Bonc_ina-Benc_-in-Big-Band-RTV-SLO_SiTi-Teater_foto-Iskra-18-600x400.jpg 600w, https:\/\/novamuska.org\/wp-content\/uploads\/2016\/01\/Janez-Bonc_ina-Benc_-in-Big-Band-RTV-SLO_SiTi-Teater_foto-Iskra-18-1024x683.jpg 1024w, https:\/\/novamuska.org\/wp-content\/uploads\/2016\/01\/Janez-Bonc_ina-Benc_-in-Big-Band-RTV-SLO_SiTi-Teater_foto-Iskra-18-768x512.jpg 768w, https:\/\/novamuska.org\/wp-content\/uploads\/2016\/01\/Janez-Bonc_ina-Benc_-in-Big-Band-RTV-SLO_SiTi-Teater_foto-Iskra-18.jpg 1200w\" sizes=\"auto, (max-width: 600px) 100vw, 600px\" \/><\/p>\n<p><img loading=\"lazy\" decoding=\"async\" class=\"size-medium wp-image-13764 aligncenter\" src=\"https:\/\/novamuska.org\/wp-content\/uploads\/2016\/01\/Janez-Bonc_ina-Benc_-in-Big-Band-RTV-SLO_SiTi-Teater_foto-Iskra-21-600x400.jpg\" alt=\"Janez Bon\u010dina Ben\u010d in Big Band RTV Slovenija, SiTi Teater, Ljubljana, foto: Sebastijan Iskra\" width=\"600\" height=\"400\" srcset=\"https:\/\/novamuska.org\/wp-content\/uploads\/2016\/01\/Janez-Bonc_ina-Benc_-in-Big-Band-RTV-SLO_SiTi-Teater_foto-Iskra-21-600x400.jpg 600w, https:\/\/novamuska.org\/wp-content\/uploads\/2016\/01\/Janez-Bonc_ina-Benc_-in-Big-Band-RTV-SLO_SiTi-Teater_foto-Iskra-21-1024x683.jpg 1024w, https:\/\/novamuska.org\/wp-content\/uploads\/2016\/01\/Janez-Bonc_ina-Benc_-in-Big-Band-RTV-SLO_SiTi-Teater_foto-Iskra-21-768x512.jpg 768w, https:\/\/novamuska.org\/wp-content\/uploads\/2016\/01\/Janez-Bonc_ina-Benc_-in-Big-Band-RTV-SLO_SiTi-Teater_foto-Iskra-21.jpg 1200w\" sizes=\"auto, (max-width: 600px) 100vw, 600px\" \/><\/p>\n<p><img loading=\"lazy\" decoding=\"async\" class=\"size-medium wp-image-13765 aligncenter\" src=\"https:\/\/novamuska.org\/wp-content\/uploads\/2016\/01\/Janez-Bonc_ina-Benc_-in-Big-Band-RTV-SLO_SiTi-Teater_foto-Iskra-22-429x600.jpg\" alt=\"Janez Bon\u010dina Ben\u010d in Big Band RTV Slovenija, SiTi Teater, Ljubljana, foto: Sebastijan Iskra\" width=\"429\" height=\"600\" srcset=\"https:\/\/novamuska.org\/wp-content\/uploads\/2016\/01\/Janez-Bonc_ina-Benc_-in-Big-Band-RTV-SLO_SiTi-Teater_foto-Iskra-22-429x600.jpg 429w, https:\/\/novamuska.org\/wp-content\/uploads\/2016\/01\/Janez-Bonc_ina-Benc_-in-Big-Band-RTV-SLO_SiTi-Teater_foto-Iskra-22-731x1024.jpg 731w, https:\/\/novamuska.org\/wp-content\/uploads\/2016\/01\/Janez-Bonc_ina-Benc_-in-Big-Band-RTV-SLO_SiTi-Teater_foto-Iskra-22-768x1075.jpg 768w, https:\/\/novamuska.org\/wp-content\/uploads\/2016\/01\/Janez-Bonc_ina-Benc_-in-Big-Band-RTV-SLO_SiTi-Teater_foto-Iskra-22.jpg 857w\" sizes=\"auto, (max-width: 429px) 100vw, 429px\" \/><\/p>\n<p><img loading=\"lazy\" decoding=\"async\" class=\"size-medium wp-image-13766 aligncenter\" src=\"https:\/\/novamuska.org\/wp-content\/uploads\/2016\/01\/Janez-Bonc_ina-Benc_-in-Big-Band-RTV-SLO_SiTi-Teater_foto-Iskra-24-600x400.jpg\" alt=\"Janez Bon\u010dina Ben\u010d in Big Band RTV Slovenija, SiTi Teater, Ljubljana, foto: Sebastijan Iskra\" width=\"600\" height=\"400\" srcset=\"https:\/\/novamuska.org\/wp-content\/uploads\/2016\/01\/Janez-Bonc_ina-Benc_-in-Big-Band-RTV-SLO_SiTi-Teater_foto-Iskra-24-600x400.jpg 600w, https:\/\/novamuska.org\/wp-content\/uploads\/2016\/01\/Janez-Bonc_ina-Benc_-in-Big-Band-RTV-SLO_SiTi-Teater_foto-Iskra-24-1024x683.jpg 1024w, https:\/\/novamuska.org\/wp-content\/uploads\/2016\/01\/Janez-Bonc_ina-Benc_-in-Big-Band-RTV-SLO_SiTi-Teater_foto-Iskra-24-768x512.jpg 768w, https:\/\/novamuska.org\/wp-content\/uploads\/2016\/01\/Janez-Bonc_ina-Benc_-in-Big-Band-RTV-SLO_SiTi-Teater_foto-Iskra-24.jpg 1200w\" sizes=\"auto, (max-width: 600px) 100vw, 600px\" \/><\/p>\n<p><img loading=\"lazy\" decoding=\"async\" class=\"size-medium wp-image-13767 aligncenter\" src=\"https:\/\/novamuska.org\/wp-content\/uploads\/2016\/01\/Janez-Bonc_ina-Benc_-in-Big-Band-RTV-SLO_SiTi-Teater_foto-Iskra-25-600x400.jpg\" alt=\"Janez Bon\u010dina Ben\u010d in Big Band RTV Slovenija, SiTi Teater, Ljubljana, foto: Sebastijan Iskra\" width=\"600\" height=\"400\" srcset=\"https:\/\/novamuska.org\/wp-content\/uploads\/2016\/01\/Janez-Bonc_ina-Benc_-in-Big-Band-RTV-SLO_SiTi-Teater_foto-Iskra-25-600x400.jpg 600w, https:\/\/novamuska.org\/wp-content\/uploads\/2016\/01\/Janez-Bonc_ina-Benc_-in-Big-Band-RTV-SLO_SiTi-Teater_foto-Iskra-25-1024x683.jpg 1024w, https:\/\/novamuska.org\/wp-content\/uploads\/2016\/01\/Janez-Bonc_ina-Benc_-in-Big-Band-RTV-SLO_SiTi-Teater_foto-Iskra-25-768x512.jpg 768w, https:\/\/novamuska.org\/wp-content\/uploads\/2016\/01\/Janez-Bonc_ina-Benc_-in-Big-Band-RTV-SLO_SiTi-Teater_foto-Iskra-25.jpg 1200w\" sizes=\"auto, (max-width: 600px) 100vw, 600px\" \/><\/p>\n","protected":false},"excerpt":{"rendered":"<p>Fotozgodba s koncerta v SiTi Teatru v Ljubljani<\/p>\n","protected":false},"author":31,"featured_media":13766,"comment_status":"closed","ping_status":"closed","sticky":false,"template":"","format":"standard","meta":{"footnotes":""},"categories":[26,33],"tags":[],"class_list":["post-13755","post","type-post","status-publish","format-standard","has-post-thumbnail","hentry","category-fotozgodbe","category-sebastijan-iskra"],"_links":{"self":[{"href":"https:\/\/novamuska.org\/index.php?rest_route=\/wp\/v2\/posts\/13755","targetHints":{"allow":["GET"]}}],"collection":[{"href":"https:\/\/novamuska.org\/index.php?rest_route=\/wp\/v2\/posts"}],"about":[{"href":"https:\/\/novamuska.org\/index.php?rest_route=\/wp\/v2\/types\/post"}],"author":[{"embeddable":true,"href":"https:\/\/novamuska.org\/index.php?rest_route=\/wp\/v2\/users\/31"}],"replies":[{"embeddable":true,"href":"https:\/\/novamuska.org\/index.php?rest_route=%2Fwp%2Fv2%2Fcomments&post=13755"}],"version-history":[{"count":4,"href":"https:\/\/novamuska.org\/index.php?rest_route=\/wp\/v2\/posts\/13755\/revisions"}],"predecessor-version":[{"id":13771,"href":"https:\/\/novamuska.org\/index.php?rest_route=\/wp\/v2\/posts\/13755\/revisions\/13771"}],"wp:featuredmedia":[{"embeddable":true,"href":"https:\/\/novamuska.org\/index.php?rest_route=\/wp\/v2\/media\/13766"}],"wp:attachment":[{"href":"https:\/\/novamuska.org\/index.php?rest_route=%2Fwp%2Fv2%2Fmedia&parent=13755"}],"wp:term":[{"taxonomy":"category","embeddable":true,"href":"https:\/\/novamuska.org\/index.php?rest_route=%2Fwp%2Fv2%2Fcategories&post=13755"},{"taxonomy":"post_tag","embeddable":true,"href":"https:\/\/novamuska.org\/index.php?rest_route=%2Fwp%2Fv2%2Ftags&post=13755"}],"curies":[{"name":"wp","href":"https:\/\/api.w.org\/{rel}","templated":true}]}}