{"id":18680,"date":"2018-10-29T01:29:41","date_gmt":"2018-10-29T00:29:41","guid":{"rendered":"http:\/\/novamuska.org\/?p=18680"},"modified":"2018-10-28T12:32:39","modified_gmt":"2018-10-28T11:32:39","slug":"kristijan-drazil-in-eva-dolinsek","status":"publish","type":"post","link":"https:\/\/novamuska.org\/?p=18680","title":{"rendered":"Kristijan Dra\u017eil in Eva Dolin\u0161ek"},"content":{"rendered":"<h4><strong>Kristijan Dra\u017eil in Eva Dolin\u0161ek v ciklu Mladi virtuozi; <\/strong><strong>Vite\u0161ka dvorana Kri\u017eank v Ljubljani, 18. oktober 2018<\/strong><\/h4>\n<p><img loading=\"lazy\" decoding=\"async\" class=\"size-medium wp-image-18681 aligncenter\" src=\"https:\/\/novamuska.org\/wp-content\/uploads\/2018\/10\/mladi-virtuozi1-600x311.jpg\" alt=\"\" width=\"600\" height=\"311\" srcset=\"https:\/\/novamuska.org\/wp-content\/uploads\/2018\/10\/mladi-virtuozi1-600x311.jpg 600w, https:\/\/novamuska.org\/wp-content\/uploads\/2018\/10\/mladi-virtuozi1-768x398.jpg 768w, https:\/\/novamuska.org\/wp-content\/uploads\/2018\/10\/mladi-virtuozi1.jpg 816w\" sizes=\"auto, (max-width: 600px) 100vw, 600px\" \/><\/p>\n<p>&nbsp;<\/p>\n<p>Festival Ljubljana (FL) izven svoje glavne, poletne koncertne sezone \u017ee \u010detrt stoletja pripravlja tudi cikel Mladi virtuozi, ki ga je ustanovil direktor FL Darko Brlek. Leto\u0161nji cikel je tako \u017ee 26. po vrsti in bo trajal natanko pol leta, kolikor \u010dasa bo minilo med prvim in zadnjim koncertom. V ciklu se mo\u017enost solisti\u010dnega in\/ali komornega koncertiranja ponuja obetavnim mladim, doma\u010dim in tujim, bolj ali manj uveljavljenim glasbenikom, ki na ta na\u010din brez dvoma pridobivajo dragocene koncertne izku\u0161nje in kilometrino. Za publiko je vstop na vse koncerte cikla brezpla\u010den.<\/p>\n<p>\u017de na prvem koncertu cikla so poslu\u0161alci dodobra napolnili Vite\u0161ko dvorano ljubljanskih Kri\u017eank, kar je vsekakor pohvalna okoli\u0161\u010dina, ki jo privo\u0161\u010dimo tudi prihodnjim koncertom. V prvem delu koncerta je nastopil violist <em>Kristijan Dra\u017eil<\/em>, ki ga je spremljala pianistka <em>Jelena Boljuba\u0161<\/em>. Akusti\u010dna slika omenjene dvorane sicer ni ravno najbolj hvale\u017ena ali posebej laskava do izvajalcev, kar ima za posledico na\u010deloma suboptimalno zvo\u010dno podobo, ta pa je bila nedvomno en od faktorjev, da je bil klavir ve\u010dino skladbe preglasen, \u010deprav bi to pianistka vsekakor morala doumeti tudi sama \u2013 in se seveda ustrezno odz(i)vati. Dra\u017eil je odigral <em>Brahmsovo<\/em> \u0161tiristav\u010dno <em>Sonato v f-molu \u0161t. 1<\/em>, op. 120, ki je izvirno sicer nastala za klavir in klarinet, a je solisti\u010dni part za violo dejansko priredil skladatelj sam. Dra\u017eilu izvedba precej kompleksne, zahtevne in ve\u010dplastne skladbe ni najbolje uspela. Njegov ton je bil sicer na\u010deloma bogat in lep, a profesionalni akademski glasbenik, ki je ravno pred kratkim opravil tudi magisterij, si ne bi smel privo\u0161\u010diti tako nestabilne intonacije (najbolj izdajalski so bili dolgi toni) in tako pogostih kiksov; ob na\u0161tetih te\u017eavah je appassionato prvega stavka takoreko\u010d izostal. Drugi stavek je bil vendarle bolj stabilen, Dra\u017eil pa je lepemu tonu dodal \u0161e zamolklost s prav\u0161njimi odmerki vibrata. V preostalih dveh stavkih je bila pianistka spet izrazito preglasna, zelo hrupno je obra\u010dala tudi strani svojega parta. Izvedbo Brahmsove sonate bi bilo tako kljub vlo\u017eenemu trudu v duhu imena cikla nemogo\u010de ozna\u010diti kot virtuozno.<\/p>\n<p>Bistveno bolj uspe\u0161no je v drugem delu koncerta nastopila \u010dembalistka Eva Dolin\u0161ek, v zadnjih nekaj letih vse bolj uspe\u0161na in prodorna solistka in komorna glasbenica; <a href=\"https:\/\/novamuska.org\/?p=16083\">njen odli\u010dni diskografski prvenec smo recenzirali pred letom in pol<\/a>. Dolin\u0161kova se je na koncertu predstavila z raznolikim sporedom kar petih skladateljev iz 17. in 18. stoletja, ko sta \u010dembalo in zanj pisana glasba tudi najbolj cvetela, zato smo z veseljem prisluhnili tokratnemu jagodnemu izboru baro\u010dne literature za ta \u010dudoviti instrument. Uvodni <em>Scarlattijevi<\/em> kratki, enostav\u010dni sonati v E- in D-duru sta slu\u017eili bolj za ogrevanje in kot nekak\u0161en glasbeni hors d&#8217;oeuvre, preden smo lahko sli\u0161ali \u0161e skladbi kar dveh \u010dlanov dru\u017eine <em>Couperin<\/em>, <em>Louisa<\/em> in <em>Fran\u00e7oisa<\/em>, pa <em>Clauda-B\u00e9nigna Balbastra<\/em> in za finale \u0161e fenomenalno glasbo <em>Josepha-Nicolasa-Pancraca Royerja<\/em>. \u010ce bi se na sporedu zna\u0161el \u0161e Scarlattijev u\u010denec Soler, bi bilo vse skupaj \u017ee ki\u010dasto, v vsakem primeru pa se marsikateremu ljubitelju klasi\u010dne glasbe ob\u010dasno nadvse prile\u017ee koncert solisti\u010dne glasbe za \u010dembalo. Poleg tega so tak\u0161ne prilo\u017enosti pri nas (pre)redko posejane, zato vsekakor ka\u017ee izkoristiti vsaj tiste tovrstne prilo\u017enosti, ki se vendarle ponudijo.<\/p>\n<p>Dolin\u0161kova se je zares razvila v odli\u010dno glasbenico in predvsem vrhunsko interpretko in \u010de kdo \u0161e vedno vztraja pri mnenju, da so ekspresivne mo\u017enosti \u010dembala kot glasbila radikalno omejene, naj sprejme izziv in se v nasprotno prepri\u010da na katerem od njenih koncertov. Za najsvetlej\u0161o to\u010dko ve\u010dera bi ozna\u010dil Couperinovo petstav\u010dno <em>XXV. suito<\/em>, zelo spretno napisano in nasploh navdu\u0161ujo\u010do skladbo, ki je bila tokrat spojena z interpretacijsko dovr\u0161eno in tehni\u010dno zavidljivo izvedbo, zanimivo pa se kon\u010da v umirjenem duhu. Balbastre je bil s kontrastnimi glasbenimi portreti posameznih osebnosti nemara praded Elgarjeve ideje za Enigma variacije, sklepni Royerjev rapsodi\u010dni in &#8220;vrtoglavi&#8221; Le vertigo: Rondeau pa je bil s svojo raznoliko strukturo, dramati\u010dnim pripovednim lokom in zakladnico dinami\u010dnih kontrastov \u2013 posamezni odseki so spominjali na Vivaldijevo Poletje iz \u0160tirih letnih \u010dasov \u2013 odli\u010dna izbira za zadnjo skladbo rednega programa, sli\u0161ali pa smo tudi \u0161e en dodatek.<\/p>\n<p>Do aprila 2019 bo v ciklu Mladi virtuozi mogo\u010de prisluhniti \u0161e desetim koncertom najrazli\u010dnej\u0161ih solistov, komornih zasedb in glasbenih zvrsti in prepri\u010dan sem, da bodo vsi \u017ee samo zaradi omenjene raznovrstnosti za posluh zelo zanimivi.<\/p>\n","protected":false},"excerpt":{"rendered":"<p>v ciklu Mladi virtuozi<\/p>\n","protected":false},"author":41,"featured_media":18681,"comment_status":"closed","ping_status":"closed","sticky":false,"template":"","format":"standard","meta":{"footnotes":""},"categories":[5,4],"tags":[],"class_list":["post-18680","post","type-post","status-publish","format-standard","has-post-thumbnail","hentry","category-koncerti","category-recenzije"],"_links":{"self":[{"href":"https:\/\/novamuska.org\/index.php?rest_route=\/wp\/v2\/posts\/18680","targetHints":{"allow":["GET"]}}],"collection":[{"href":"https:\/\/novamuska.org\/index.php?rest_route=\/wp\/v2\/posts"}],"about":[{"href":"https:\/\/novamuska.org\/index.php?rest_route=\/wp\/v2\/types\/post"}],"author":[{"embeddable":true,"href":"https:\/\/novamuska.org\/index.php?rest_route=\/wp\/v2\/users\/41"}],"replies":[{"embeddable":true,"href":"https:\/\/novamuska.org\/index.php?rest_route=%2Fwp%2Fv2%2Fcomments&post=18680"}],"version-history":[{"count":2,"href":"https:\/\/novamuska.org\/index.php?rest_route=\/wp\/v2\/posts\/18680\/revisions"}],"predecessor-version":[{"id":18683,"href":"https:\/\/novamuska.org\/index.php?rest_route=\/wp\/v2\/posts\/18680\/revisions\/18683"}],"wp:featuredmedia":[{"embeddable":true,"href":"https:\/\/novamuska.org\/index.php?rest_route=\/wp\/v2\/media\/18681"}],"wp:attachment":[{"href":"https:\/\/novamuska.org\/index.php?rest_route=%2Fwp%2Fv2%2Fmedia&parent=18680"}],"wp:term":[{"taxonomy":"category","embeddable":true,"href":"https:\/\/novamuska.org\/index.php?rest_route=%2Fwp%2Fv2%2Fcategories&post=18680"},{"taxonomy":"post_tag","embeddable":true,"href":"https:\/\/novamuska.org\/index.php?rest_route=%2Fwp%2Fv2%2Ftags&post=18680"}],"curies":[{"name":"wp","href":"https:\/\/api.w.org\/{rel}","templated":true}]}}