{"id":20094,"date":"2019-09-28T01:12:43","date_gmt":"2019-09-27T23:12:43","guid":{"rendered":"http:\/\/novamuska.org\/?p=20094"},"modified":"2019-09-27T09:13:25","modified_gmt":"2019-09-27T07:13:25","slug":"orkester-slovenske-filharmonije-na-festivalu-ljubljana","status":"publish","type":"post","link":"https:\/\/novamuska.org\/?p=20094","title":{"rendered":"Orkester Slovenske filharmonije na Festivalu Ljubljana"},"content":{"rendered":"\n<p class=\"has-normal-font-size wp-block-paragraph\"><strong>Gallusova dvorana Cankarjevega doma, Ljubljana, 6. september 2019<\/strong><\/p>\n\n\n\n<figure class=\"wp-block-image\"><img loading=\"lazy\" decoding=\"async\" width=\"620\" height=\"460\" src=\"https:\/\/novamuska.org\/wp-content\/uploads\/2019\/09\/charles-dutoit-1.jpg\" alt=\"\" class=\"wp-image-20096\" srcset=\"https:\/\/novamuska.org\/wp-content\/uploads\/2019\/09\/charles-dutoit-1.jpg 620w, https:\/\/novamuska.org\/wp-content\/uploads\/2019\/09\/charles-dutoit-1-600x445.jpg 600w\" sizes=\"auto, (max-width: 620px) 100vw, 620px\" \/><\/figure>\n\n\n\n<p class=\"wp-block-paragraph\">Po tako in druga\u010de odmevnem <a href=\"https:\/\/novamuska.org\/?p=18507\">lanskem koncertu z Markom Letonjo<\/a> je <em>Slovenska filharmonija<\/em> (SF) tudi letos skupaj s Festivalom Ljubljana (FL) priredila takoimenovani Koncert ob odprtju sezone 2019\/20, ki se je zgodil dva tedna pred uradnim prvim abonmajskim koncertom, le da je SF letos v Ljubljano uspelo privabiti \u0161e bistveno bolj zvene\u010de ime \u2013 legendarnega \u0161vicarskega dirigenta <em>Charlesa Dutoita<\/em>, ki marsikateremu ljubitelju klasi\u010dne glasbe kljub mnogim odli\u010dnim dose\u017ekom in zelo bogati karieri \u0161e vedno ostaja najbolj znan kot dolgoletni umetni\u0161ki vodja Simfoni\u010dnega orkestra iz Montreala \u2013 ta polo\u017eaj je zasedal kar 25 let \u2013 s katerim je napravil tudi veliko \u0161tevilo posnetkov, ki so pravi u\u017eitek tako z intepretativno-izvedbenega, kot tudi z avdiofilskega vidika in od katerih jih veliko \u0161e dandanes velja za antolo\u0161ke, tako kot na primer fenomenalen <a href=\"https:\/\/www.deccaclassics.com\/en\/cat\/4175532\">posnetek Holstovih Planetov<\/a> iz leta 1986, ki je leto pozneje prejel tudi nagrado presti\u017ene strokovne revije za klasi\u010dno glasbo Gramophone.<\/p>\n\n\n\n<p class=\"wp-block-paragraph\">A\ntako kot zloglasnemu h&#8217;woodskemu producentu Harveyju Weinsteinu in zdaj \u017ee tudi\nkar nekaj znanim imenom iz sveta klasi\u010dne glasbe se je tudi Dutoitu zgodila\ntakoimenovana afera #MeToo, saj se je moral dirigent decembra 2017 soo\u010diti s\nplazom obto\u017eb spolnega nadlegovanja s strani \u017eenskih kolegic, s katerimi je\nsodeloval v desetletjih svoje kariere. Posledi\u010dno so Dutoitu \u017ee dogovorjena\nsodelovanja nemudoma odpovedali na primer angle\u0161ki Kraljevi filharmoni\u010dni\norkester in ameri\u0161ki simfoni\u010dni orkestri iz Bostona, San Francisca, Chicaga in\nPhiladelphie (slednji mu je odvzel celo \u010dastni naslov zaslu\u017enega dirigenta) ter\nNewyor\u0161ki filharmoniki, \u0161e nekaj drugih orkestrov pa je spro\u017eilo lastne\npreiskave.<\/p>\n\n\n\n<p class=\"wp-block-paragraph\">No,\nne\u010dedna zadeva pa o\u010ditno ni imela nikakr\u0161nega vpliva vpliva na vabilo na\ngostovanje v Ljubljani; v podobni situaciji se je dva meseca po junijskem\ngostovanju pri nas zna\u0161el tudi legendarni tenorist Pl\u00e1cido Domingo, ki je v\nCankarjevem domu sredi junija dirigiral Verdijev Rekviem, ravno pred dnevi pa\nje zaradi obto\u017eb tik pred zdajci odpovedal nastop v Verdijevem Macbethu v\nnewyor\u0161ki Metropolitanski operi, \u010de\u0161 da bi &#8220;njegov nastop odvrnil\npozornost od truda njegovih sodelavcev&#8221;. Oba velika glasbenika sta vse\nobto\u017ebe seveda nemudoma in kategori\u010dno zanikala, a sta velik in neizbrisen \u010drn\nmade\u017e ter slab priokus na podobi in karieri posameznika, ki ga tak\u0161ne obto\u017ebe\ndoletijo, neizogibna.<\/p>\n\n\n\n<p class=\"wp-block-paragraph\">V\nprimerjavi z lanskim koncertom z Letonjo je dvorana kljub dirigentskemu imenu\nsvetovnega formata tokrat ostala preve\u010d prazna, sploh na drugem balkonu, da bi\nbila lahko FL in SF na obisk ponosna. Primerno in pravilno je, da je orkester\nkoncert ob odprtju sezone za\u010del s skladbo dom\u010dega skladatelja \u2013 koreografsko\nsimfoni\u010dno pesnitvijo <em>Ma\u0159enka<\/em> izpod\nperesa <em>Lucijana Marije \u0160kerjanca<\/em>.\nPreden za\u010dnejo glasbo prepletati drobci svetlobe in topline, je vzdu\u0161je zelo\ntema\u010dno, Dutoit pa je orkester pripravil do impresivnega zvoka, \u0161e posebej\nbogato zvene\u010do sekcijo godal in splo\u0161en tutti zven ansambla, pripomogla pa je\ntudi spretna \u0160kerjan\u010deva orkestracija (partitura vsebuje tudi part za\nvibrafon). Posamezni vstopi so bili sicer \u0161e vedno narazen, a Dutoit za svojih\n82 let premore \u0161e zavidljivo raven energi\u010dnosti in sugestivnosti, ki ju je\nuspe\u0161no prenesel na posledi\u010dno odzivne filharmonike. Visoka stopnja njegove\nkontrole je nesporna.<\/p>\n\n\n\n<p class=\"wp-block-paragraph\">Zanimiva\nprogramska izbira je bila naslednja skladba: <em>Igra kart<\/em>, baletna suita <em>Igorja\nStravinskega<\/em> v treh stavkih. \u0160e kako dobro je znano, da sta pri ve\u010dini\norkestralnih del tega ruskega skladatelja klju\u010dnega pomena predvsem dve\nkvaliteti muziciranja: ritmi\u010dna preciznost in izpiljena artikulacija \u2013 ob ali\nzaradi katerih pa se seveda ne sme pozabiti tudi na muziciranje samo. Orkester\nje med igranjem dosegal oboje, vendar ne vselej obojega hkrati in ne vedno v\npravih razmerjih med vsemi sekcijami, sploh na liniji godala\u2013preostanek\norkestra. Izpostaviti je treba odli\u010dna pihala in \u0161e posebej flavtista Mateja\nGrahka ter fagotista Zorana Miteva. Dutoit se z veseljem in \u017earom posve\u010da\ndetajlom v partiturah in orkestra\u0161em daje vso mo\u017enost, da se mu pri tem\npridru\u017eujejo, kar je na tokratnem koncertu uspelo v zavidljivi meri.<\/p>\n\n\n\n<p class=\"wp-block-paragraph\">Ker\npa poglavitni del ve\u010dine koncertov pride po odmoru, smo za vrhunec ve\u010dera\nprisluhnili \u0161e v dveh dalj\u0161ih stavkih pisani <em>Simfoniji \u0161t. 3 v c-molu<\/em>, op. 78 <em>&#8216;Orgelski&#8217;<\/em> francoskega dirigenta <em>Camilla Saint-Sa\u00ebnsa<\/em>. Tudi tu je Dutoit premi\u0161ljeno in obenem\nodlo\u010dno odstiral ve\u010dplastnost Saint-Sa\u00ebnsove partiture, tako da je dajal \u017ee\nprvi stavek slutiti maestoznost, ki sklene simfonijo. Ponovil se je vtis o\nmogo\u010dnem tutti zvoku ter energi\u010dnem igranju z zanosom, ki razveseljujo\u010de ni\npojenjal v klju\u010dnih in\/ali bolj umirjenih trenutkih, prva vstopa orgel pa je\nspremljala zelo lepa in bar\u017eunasta igra godal. Pri vstopih trobil se je pozneje\npojavilo ve\u010d te\u017eav. Drugi stavek je tekel z gladko sve\u017eino vse do veli\u010dastnega,\nz grme\u010dimi orgelskimi akordi uvedenega Maestoza, ki upo\u010dasni tempo in naznani\nza\u010detek finala simfonije. \u010ce ne prej, je tu brez sence dvoma mo\u010d razumeti\nskladateljevo izjavo o enkratnosti te skladbe (&#8220;Kar sem ustvaril tu, ne\nbom storil nikoli ve\u010d.&#8221;). Ob lepem igranju klavirja \u0161tiriro\u010dno je bila\nizpeljava finala odli\u010dna vse do veli\u010dastnega konca in \u010de naj bo koncert ob\nodprtju sezone tisti, po katerem bi presojali ali z njim primerjali vse preostale\nabonmajske koncerte, bodo imeli filharmoniki \u0161e precej te\u017eko delo.<\/p>\n","protected":false},"excerpt":{"rendered":"<p>Koncert ob odprtju sezone 2019\/20<\/p>\n","protected":false},"author":41,"featured_media":20095,"comment_status":"closed","ping_status":"closed","sticky":false,"template":"","format":"standard","meta":{"footnotes":""},"categories":[5,4],"tags":[],"class_list":["post-20094","post","type-post","status-publish","format-standard","has-post-thumbnail","hentry","category-koncerti","category-recenzije"],"_links":{"self":[{"href":"https:\/\/novamuska.org\/index.php?rest_route=\/wp\/v2\/posts\/20094","targetHints":{"allow":["GET"]}}],"collection":[{"href":"https:\/\/novamuska.org\/index.php?rest_route=\/wp\/v2\/posts"}],"about":[{"href":"https:\/\/novamuska.org\/index.php?rest_route=\/wp\/v2\/types\/post"}],"author":[{"embeddable":true,"href":"https:\/\/novamuska.org\/index.php?rest_route=\/wp\/v2\/users\/41"}],"replies":[{"embeddable":true,"href":"https:\/\/novamuska.org\/index.php?rest_route=%2Fwp%2Fv2%2Fcomments&post=20094"}],"version-history":[{"count":2,"href":"https:\/\/novamuska.org\/index.php?rest_route=\/wp\/v2\/posts\/20094\/revisions"}],"predecessor-version":[{"id":20098,"href":"https:\/\/novamuska.org\/index.php?rest_route=\/wp\/v2\/posts\/20094\/revisions\/20098"}],"wp:featuredmedia":[{"embeddable":true,"href":"https:\/\/novamuska.org\/index.php?rest_route=\/wp\/v2\/media\/20095"}],"wp:attachment":[{"href":"https:\/\/novamuska.org\/index.php?rest_route=%2Fwp%2Fv2%2Fmedia&parent=20094"}],"wp:term":[{"taxonomy":"category","embeddable":true,"href":"https:\/\/novamuska.org\/index.php?rest_route=%2Fwp%2Fv2%2Fcategories&post=20094"},{"taxonomy":"post_tag","embeddable":true,"href":"https:\/\/novamuska.org\/index.php?rest_route=%2Fwp%2Fv2%2Ftags&post=20094"}],"curies":[{"name":"wp","href":"https:\/\/api.w.org\/{rel}","templated":true}]}}