{"id":20881,"date":"2020-03-30T20:54:28","date_gmt":"2020-03-30T18:54:28","guid":{"rendered":"http:\/\/novamuska.org\/?p=20881"},"modified":"2020-03-30T20:54:29","modified_gmt":"2020-03-30T18:54:29","slug":"orkester-slovenske-filharmonije-33","status":"publish","type":"post","link":"https:\/\/novamuska.org\/?p=20881","title":{"rendered":"Orkester Slovenske filharmonije"},"content":{"rendered":"\n<p class=\"wp-block-paragraph\" style=\"font-size:15px\"><strong>Gallusova dvorana Cankarjevega doma v Ljubljani, 5. marec 2020<\/strong><\/p>\n\n\n\n<div class=\"wp-block-image\"><figure class=\"aligncenter size-large\"><img loading=\"lazy\" decoding=\"async\" width=\"900\" height=\"601\" src=\"https:\/\/novamuska.org\/wp-content\/uploads\/2020\/03\/Nika_Goric-foto_Pierre_Lidar.jpg\" alt=\"\" class=\"wp-image-20882\" srcset=\"https:\/\/novamuska.org\/wp-content\/uploads\/2020\/03\/Nika_Goric-foto_Pierre_Lidar.jpg 900w, https:\/\/novamuska.org\/wp-content\/uploads\/2020\/03\/Nika_Goric-foto_Pierre_Lidar-600x401.jpg 600w, https:\/\/novamuska.org\/wp-content\/uploads\/2020\/03\/Nika_Goric-foto_Pierre_Lidar-768x513.jpg 768w\" sizes=\"auto, (max-width: 900px) 100vw, 900px\" \/><figcaption>foto: Pierre Lidar<\/figcaption><\/figure><\/div>\n\n\n\n<p class=\"wp-block-paragraph\">\u010ce je bila Gallusova dvorana\nCankarjevega doma \u0161e ob predhodnem koncertu <em>Orkestra\nSlovenske filharmonije <\/em>(OSF) za Oran\u017eni abonma s Faz\u0131lom Sayjem, ki se je <a href=\"https:\/\/novamuska.org\/?p=20837\">zgodil teden pred pri\u010dujo\u010dim\nkoncertom<\/a>, takoreko\u010d nabito polna, pa je bila\nsituacija na \u0161estem koncertu Modrega abonmaja popolnoma druga\u010dna, saj je\nkoncert zaznamoval en \u0161tevil\u010dno naj\u0161ibkej\u0161ih obiskov, kar smo jim bili pri\u010da v\nzadnjih kar nekaj letih. Na tej to\u010dki je bila to brez dvoma \u017ee posledica\ngroze\u010de pandemije, ki je do trenutka, ko berete ta zapis, \u017ee postala takoreko\u010d\nedina t\u00e9ma, o kateri beremo, gledamo in poslu\u0161amo dan za dnem in \u017ee ima tudi\nzelo te\u017eke in daljnose\u017ene posledice tudi v svetu glasbe oziroma umetnosti na\nsplo\u0161no, saj je kriza zajela vsa podro\u010dja \u010dlovekovega ustvarjanja in delovanja.\nA naj bo to predmet katerega drugega zapisa.<\/p>\n\n\n\n<p class=\"wp-block-paragraph\">Orkester, ki ga je tokrat vodil\nnjegov glavni oziroma stalni gostujo\u010di dirigent <em>Philipp von Steinaecker<\/em>, je koncert pohvalno za\u010del z malokrat\nizvajano slovensko skladbo. <em>Slavko Osterc<\/em>\nje svojo simfoni\u010dno pesnitev s preprostim in zgovornim naslovom <em>Mati<\/em> napisal pred natanko 80 leti in z\nnjo tudi sklenil svoj simfoni\u010dni opus, saj je leto pozneje umrl. Muzikolo\u0161ka in\nskladateljska stroka se dandanes strinjata o pomembnosti Oster\u010devega\nromanti\u010dno-neoklasicisti\u010dnega prispevka v slovensko glasbeno zakladnico, Marjan\nLipov\u0161ek pa je o skladatelju leta 1963 zgovorno zapisal: &#8220;Kdor Oster\u010devega\nposega v lagodno vzdu\u0161je slovenske ustvarjalnosti okrog leta 1928 ni sam\ndo\u017eivel, si niti misliti ne more, kako je Osterc u\u010dinkoval s svojim modernizmom\nin kak\u0161en sve\u017e veter je zapihal med nami ob njegovem prihodu v Ljubljano.&#8221;\nEna od skladateljevih bolj znanih in pogosteje izvajanih skladb je sicer na\nprimer <a href=\"https:\/\/www.youtube.com\/watch?v=vBDNcJbN_9M\"><em>Religioso<\/em><\/a>, sicer\ntretji stavek Suite za godalni orkester.<\/p>\n\n\n\n<p class=\"wp-block-paragraph\">Steinaecker je orkester postavil\ndruga\u010de \u2013 druge violine na svojo desno, kontrabase pa (namesto desno) levo\nzadaj. U\u010dinek je bil pri\u010dakovano akusti\u010dno prijeten in plemenit! V Oster\u010devi\nsimfoni\u010dni pesnitvi, ki je za samo definicijo tovrstne programske skladbe sicer\nprecej kratka, ima pomembno \u2013 tudi solisti\u010dno \u2013 vlogo altovski saksofon, sama\nskladba pa je kljub jedrnatosti vsebinsko bogata in lepo orkestrirana. Glasba\nse ve\u010dino \u010dasa izgublja v dilemah, kam bi gravitirala, na koncu pa vendarle\nprevlada svetloba. Glede na vsebinskost in tematiko skladbe sem se ob tej\nprilo\u017enosti spomnil na prvi stavek Ajdi\u010deve 2. simfonije (&#8216;Okno du\u0161e&#8217;), ki ga\nje skladatelj prav tako posvetil svoji materi (\u010deprav naj bi \u0161lo pri Ostercu,\nkot je v koncertnem listu zapisala \u0160pela Lah, dejansko za zasnovo koreografske\nglasbe za balet Nezakonska mati, zami\u0161ljen po Pre\u0161ernovi literarni predlogi).<\/p>\n\n\n\n<p class=\"wp-block-paragraph\">V nadaljevanju koncerta smo\nprisluhnili <em>Sedmim zgodnjim pesmim<\/em> (izvirno\n<em>Sieben fr\u00fche Lieder<\/em>) avstrijskega\nskladatelja <em>Albana Berga<\/em>. Omenjeni\ncikel od prvega do zadnjega samospeva spretno zgradi smiseln dramatur\u0161ki lok,\nki pa je seveda odvisen tudi od izvajalske komponente; tu breme sloni predvsem\nna sopranski solistki \u2013 vlogi, ki jo je tokrat prevzela na\u0161a mlada glasbenica <em>Nika Gori\u010d<\/em>. Ob umirjenem izvajanju\norkestra je bila sopranistka ves \u010das lepo prezentna in je navdu\u0161ila tudi z\nbrezhibno dikcijo nem\u0161kih besedil, tako da se je vsak hip dalo jasno sli\u0161ati\nvsak zlog. \u0160e posebej je zasijala v tretjem samospevu <em>Slav\u010dek<\/em>, dirigent pa je lepo uredil in odmerjal spretno\norkestrirano spremljavo, ki v skladu z intimnim zna\u010dajem cikla redko se\u017ee nad\ndinamiko mezzo forte. Le v glasnej\u0161em zadnjem stavku <em>Poletni dnevi<\/em> je orkester Gori\u010devo prvi\u010d in na sre\u010do tudi zadnji\u010d\ndinami\u010dno prekril.<\/p>\n\n\n\n<p class=\"wp-block-paragraph\">Za konec je Steinaecker z\norkestrom predstavil svojo vizijo in interpretacijo <em>Mahlerjeve<\/em> \u0161tiristav\u010dne <em>Simfonije\n\u0161t. 4 v G-duru<\/em>. Skladba, ki je nastala ve\u010dinoma v Maierniggu prav na\nprelomu 19. v 20. stoletje je ena Mahlerjevih kraj\u0161ih simfonij, ki je na primer\nod predhodne Tretje kraj\u0161a za kar 40 minut in (za skladatelja kar nekoliko\nnenavadno) terja tudi precej manj\u0161i izvajalski aparat, zato jo ima marsikateri\ndirigent in orkester za hitreje in la\u017eje dostopno \u2013 s \u010dimer samo po sebi ni ni\u010d\nnarobe, v kolikor se tak\u0161no razmi\u0161ljanje negativno ne odrazi na sami izvedbi. Pri\ntokratni izvedbi je bil u\u010dinek druga\u010dne postavitve orkestra \u0161e posebej jasno\nsli\u0161en, in to \u017ee takoj od za\u010detka. Zvok je bil namre\u010d \u017elahtnej\u0161i, k njegovi\nspremenjenosti pa pri tej simfoniji pomembno vpliva tudi skladateljeva\nodlo\u010ditev, da je iz nje v celoti izpustil pozavne in tubo.<\/p>\n\n\n\n<p class=\"wp-block-paragraph\">Prvi stavek je bil lepo uigran in\ngladko teko\u010d z navdu\u0161ujo\u010dim vrhuncem in koncem. Steinaecker je simfonijo\ndigiriral na pamet in se tako lahko \u0161e bolj posvetil \u0161tevilnim Mahlerjevim\ndetajlom simfonije, v kateri se nepri\u010dakovano zasvetijo tudi utrinki\nskladateljeve predhodne Druge in poznej\u0161e Pete simfonije (znameniti uvodni\nmotiv trobente). Glavna atrakcija nekoliko grotesknega drugega stavka je cel\nton vi\u0161je ugla\u0161ena solo violina (tokratni koncertni mojster Miran Kolbl),\ntretji stavek pa so zaznamovali lepi soli oboista ter globoka in bohotna\ndirigentova interpretacija; ta stavek od vseh najbolj spominja na Peto\nsimfonijo, ki jo je OSF z Jamesom Tugglom odli\u010dno <a href=\"https:\/\/novamuska.org\/?p=19455\">izvedel v istem \u010dasu lanske sezone<\/a>. Za izvedbo\nzadnjega stavka, ki je napisan za solo sopran in orkester, se je OSF \u0161e enkrat\npridru\u017eila Nika Gori\u010d in pretanjeno ter z enako odli\u010dnostjo izvedla\n&#8220;otro\u0161ko nedol\u017eno pesem o brezskrbnem nebe\u0161kem \u017eivljenju&#8221; Das\nhimmlische Leben (v prevodu Pavla Oblaka Ko nebe\u0161ka nas radost obliva) iz\nzbirke De\u010dkov \u010dude\u017eni rog oziroma Des Knaben Wunderhorn; \u0161e posebej lep\ntrenutek tu predstavlja sklepna modulacija iz G-dura v svetli E-dur. Gori\u010devo bi\nsi zelo \u017eelel sli\u0161ati tudi v skladateljevi Drugi simfoniji, brez dvoma pa ima\nmlada umetnica izjemen potencial (in je v tem smislu podobna drugi na\u0161i mladi\nvrhunski sopranistki Mojci Bitenc Kri\u017eaj, ki je tudi sama \u017ee zelo uspe\u0161no\nsodelovala z OSF). Izvedba te &#8220;kratke&#8221; Mahlerjeve simfonije je tokrat\ntrajala natanko eno uro.<\/p>\n\n\n\n<p class=\"wp-block-paragraph\">Dodajmo \u0161e, da je SF h\nkoncertnemu listu (\u017ee na koncertu s Sayjem) za\u010dela prilagati v\u0161e\u010dno zlo\u017eenko,\ntokrat naslovljeno &#8220;Marec in april 2020 s Slovensko filharmonijo&#8221;, v\nkateri filharmoni\u010dna hi\u0161a v smiselnih sklopih Spoznava, Napoveduje, Predstavlja\nfilharmonike (v prvi izdaji violon\u010delista Ivana \u0160o\u0161tari\u010da ter tenorista Zbora\nSlovenske filharmonije Igorja Drnov\u0161ka) in Poro\u010da. Na tem mestu pohvala hi\u0161i za\ndobro idejo in lepo izvedbo, \u017eal pa so in bodo v razmerah, na katere pa\u010d ni\nmogel ra\u010dunati nih\u010de, zelo verjetno odpadle prav vse v zlo\u017eenki predstavljene\nin napovedane prireditve in aktivnosti, vklju\u010dno z napovedanim aprilskim\nizletom v dolino Tolminke, ki bi omenjena filharmonika, ki sta sicer oba tudi\nnavdu\u0161ena pohodnika, predstavil v vlogi gorskih vodnikov in vsem\nzainteresiranim omogo\u010dil spro\u0161\u010deno dru\u017eenje izven formalnega koncertnega\nokolja.<\/p>\n\n\n\n<p class=\"wp-block-paragraph\">Kdaj se bo abonmajska sezona OSF\n\u2013 in z njo pravzaprav abonmajske sezone vseh simfoni\u010dnih orkestrov na svetu ter\nobi\u010dajno \u017eivljenje na splo\u0161no \u2013 lahko nemoteno nadaljevala, je v tem \u010dasu in\nteh okoli\u0161\u010dinah nemogo\u010de uganiti, se bo pa to nedvomno zgodilo v svetu, ki se\nbo na vseh podro\u010djih \u0161e dolgo soo\u010dal s tak\u0161nimi in druga\u010dnimi posledicami\nneslutene stoletne pandemije. <\/p>\n","protected":false},"excerpt":{"rendered":"<p>v Modrem abonmaju 6<\/p>\n","protected":false},"author":41,"featured_media":20882,"comment_status":"closed","ping_status":"closed","sticky":false,"template":"","format":"standard","meta":{"footnotes":""},"categories":[5,4],"tags":[],"class_list":["post-20881","post","type-post","status-publish","format-standard","has-post-thumbnail","hentry","category-koncerti","category-recenzije"],"_links":{"self":[{"href":"https:\/\/novamuska.org\/index.php?rest_route=\/wp\/v2\/posts\/20881","targetHints":{"allow":["GET"]}}],"collection":[{"href":"https:\/\/novamuska.org\/index.php?rest_route=\/wp\/v2\/posts"}],"about":[{"href":"https:\/\/novamuska.org\/index.php?rest_route=\/wp\/v2\/types\/post"}],"author":[{"embeddable":true,"href":"https:\/\/novamuska.org\/index.php?rest_route=\/wp\/v2\/users\/41"}],"replies":[{"embeddable":true,"href":"https:\/\/novamuska.org\/index.php?rest_route=%2Fwp%2Fv2%2Fcomments&post=20881"}],"version-history":[{"count":1,"href":"https:\/\/novamuska.org\/index.php?rest_route=\/wp\/v2\/posts\/20881\/revisions"}],"predecessor-version":[{"id":20883,"href":"https:\/\/novamuska.org\/index.php?rest_route=\/wp\/v2\/posts\/20881\/revisions\/20883"}],"wp:featuredmedia":[{"embeddable":true,"href":"https:\/\/novamuska.org\/index.php?rest_route=\/wp\/v2\/media\/20882"}],"wp:attachment":[{"href":"https:\/\/novamuska.org\/index.php?rest_route=%2Fwp%2Fv2%2Fmedia&parent=20881"}],"wp:term":[{"taxonomy":"category","embeddable":true,"href":"https:\/\/novamuska.org\/index.php?rest_route=%2Fwp%2Fv2%2Fcategories&post=20881"},{"taxonomy":"post_tag","embeddable":true,"href":"https:\/\/novamuska.org\/index.php?rest_route=%2Fwp%2Fv2%2Ftags&post=20881"}],"curies":[{"name":"wp","href":"https:\/\/api.w.org\/{rel}","templated":true}]}}