{"id":30139,"date":"2025-05-06T23:05:00","date_gmt":"2025-05-06T21:05:00","guid":{"rendered":"https:\/\/novamuska.org\/?p=30139"},"modified":"2025-05-08T11:08:12","modified_gmt":"2025-05-08T09:08:12","slug":"anatomija-zvoka-440","status":"publish","type":"post","link":"https:\/\/novamuska.org\/?p=30139","title":{"rendered":"Anatomija zvoka #440"},"content":{"rendered":"<div class=\"wp-block-image\">\n<figure class=\"aligncenter size-large is-resized\"><img loading=\"lazy\" decoding=\"async\" width=\"1024\" height=\"683\" src=\"https:\/\/novamuska.org\/wp-content\/uploads\/2025\/05\/0019711094_10-1024x683.jpg\" alt=\"\" class=\"wp-image-30140\" style=\"width:558px;height:auto\" srcset=\"https:\/\/novamuska.org\/wp-content\/uploads\/2025\/05\/0019711094_10-1024x683.jpg 1024w, https:\/\/novamuska.org\/wp-content\/uploads\/2025\/05\/0019711094_10-600x400.jpg 600w, https:\/\/novamuska.org\/wp-content\/uploads\/2025\/05\/0019711094_10-768x512.jpg 768w, https:\/\/novamuska.org\/wp-content\/uploads\/2025\/05\/0019711094_10.jpg 1200w\" sizes=\"auto, (max-width: 1024px) 100vw, 1024px\" \/><\/figure>\n<\/div>\n\n\n<p><\/p>\n\n\n\n<p style=\"font-size:15px\">Ob novih glasbenih stvaritvah <strong>TiTiTi<\/strong>,<strong> <em>Raphael Roginski &amp; Ru\u017ei\u010dnjak Tajni<\/em><\/strong>,<strong> Vuk<\/strong>,<em> <strong>Dunjaluk &amp; Lenhart Tapes<\/strong><\/em> in <strong>Svetlost <\/strong>tokratna 440. edicija stre\u017ee \u0161e intervjuja z <em><strong>Marino D\u017eukljev<\/strong><\/em>, ki pripoveduje o portugalski turneji, in z <em><strong>Denijem Omeragi\u0107em<\/strong><\/em>, ki pripoveduje o regionalni turneji zasedbe <strong>Svetlost<\/strong> s <strong>Kenom Vandermarkom<\/strong> in <strong>Paalom Nilsenom Lovom<\/strong>. Nekje vmes pa se najde tudi skrita pesem <strong><em>Crno dete<\/em><\/strong>.<\/p>\n\n\n\n<figure class=\"wp-block-embed is-type-rich is-provider-soundcloud wp-block-embed-soundcloud\"><div class=\"wp-block-embed__wrapper\">\nhttps:\/\/soundcloud.com\/anatomijazvuka\/440-anatomija-zvuka\n<\/div><\/figure>\n\n\n\n<p><\/p>\n\n\n\n<p>Oddaja je bila predvajana na OP BH Radiu 1 v torek, 6. maja 2025<\/p>\n\n\n\n<p>Urednik in voditelj: Dragan Vukovi\u0107<\/p>\n\n\n\n<p>Oddaja nastaja v koprodukciji BHRT in Abra\u0161 Radia<\/p>\n\n\n\n<p><\/p>\n","protected":false},"excerpt":{"rendered":"<p>Ob novostih \u0161e intervjuja z M. D\u017eukljev in D. Omeragi\u0107em iz benda Svetlost<\/p>\n","protected":false},"author":88921,"featured_media":30140,"comment_status":"closed","ping_status":"closed","sticky":false,"template":"","format":"standard","meta":{"footnotes":""},"categories":[153,45],"tags":[],"class_list":["post-30139","post","type-post","status-publish","format-standard","has-post-thumbnail","hentry","category-anatomija-zvoka","category-plejlista"],"_links":{"self":[{"href":"https:\/\/novamuska.org\/index.php?rest_route=\/wp\/v2\/posts\/30139","targetHints":{"allow":["GET"]}}],"collection":[{"href":"https:\/\/novamuska.org\/index.php?rest_route=\/wp\/v2\/posts"}],"about":[{"href":"https:\/\/novamuska.org\/index.php?rest_route=\/wp\/v2\/types\/post"}],"author":[{"embeddable":true,"href":"https:\/\/novamuska.org\/index.php?rest_route=\/wp\/v2\/users\/88921"}],"replies":[{"embeddable":true,"href":"https:\/\/novamuska.org\/index.php?rest_route=%2Fwp%2Fv2%2Fcomments&post=30139"}],"version-history":[{"count":3,"href":"https:\/\/novamuska.org\/index.php?rest_route=\/wp\/v2\/posts\/30139\/revisions"}],"predecessor-version":[{"id":30145,"href":"https:\/\/novamuska.org\/index.php?rest_route=\/wp\/v2\/posts\/30139\/revisions\/30145"}],"wp:featuredmedia":[{"embeddable":true,"href":"https:\/\/novamuska.org\/index.php?rest_route=\/wp\/v2\/media\/30140"}],"wp:attachment":[{"href":"https:\/\/novamuska.org\/index.php?rest_route=%2Fwp%2Fv2%2Fmedia&parent=30139"}],"wp:term":[{"taxonomy":"category","embeddable":true,"href":"https:\/\/novamuska.org\/index.php?rest_route=%2Fwp%2Fv2%2Fcategories&post=30139"},{"taxonomy":"post_tag","embeddable":true,"href":"https:\/\/novamuska.org\/index.php?rest_route=%2Fwp%2Fv2%2Ftags&post=30139"}],"curies":[{"name":"wp","href":"https:\/\/api.w.org\/{rel}","templated":true}]}}