{"id":399,"date":"2010-06-11T12:38:10","date_gmt":"2010-06-11T10:38:10","guid":{"rendered":"http:\/\/novamuska.org\/?p=399"},"modified":"2013-02-12T11:11:43","modified_gmt":"2013-02-12T10:11:43","slug":"mal-zivet-in-kmal-umret-2","status":"publish","type":"post","link":"https:\/\/novamuska.org\/?p=399","title":{"rendered":"Mal&#8217; \u017eivet in kmal&#8217; umret"},"content":{"rendered":"<figure id=\"attachment_408\" aria-describedby=\"caption-attachment-408\" style=\"width: 400px\" class=\"wp-caption aligncenter\"><a href=\"https:\/\/novamuska.org\/wp-content\/uploads\/2010\/06\/Buldogi-v-Channel-Zero-21.4.2009-foto-Sebastijan-Iskra-6.jpg\"><img loading=\"lazy\" decoding=\"async\" class=\"size-full wp-image-408\" title=\"Buldogi-v-Channel-Zero-21.4.2009,-foto-Sebastijan-Iskra-(6)\" src=\"https:\/\/novamuska.org\/wp-content\/uploads\/2010\/06\/Buldogi-v-Channel-Zero-21.4.2009-foto-Sebastijan-Iskra-6.jpg\" alt=\"\" width=\"400\" height=\"267\" \/><\/a><figcaption id=\"caption-attachment-408\" class=\"wp-caption-text\">Channel Zero, 21. 4. 2009, foto: Sebastijan Iskra<\/figcaption><\/figure>\n<h2><strong>KAJ PA DANES? <\/strong><\/h2>\n<p style=\"text-align: right;\">\u00bbA men je zdej \u017ee 44 let,<br \/>\na men je zdaj \u017ee 44 let,<br \/>\na men je zdaj \u017ee 44 let,<br \/>\nzato me puste kmal umret!\u00ab<\/p>\n<p>Uvodno obujanje spominov se je izteklo z vpra\u0161anjem: <em>\u00bbKako vam je danes obujati svojo mladost in raz\u010di\u0161\u010devati najstni\u0161ka leta?\u00ab<\/em> Prav takrat je ves zasopihan prisedel <em>Damo<\/em>, znan tudi kot novinar <em>Damjan Zorc<\/em>, ki mu je Ma\u010dek takoj pomolil plo\u010devinko piva. <em>\u00bbKot soo\u010danje s samim sabo,\u00ab<\/em> je bila gromka njegova prva reakcija. Do takrat neverjetno miren in redkobeseden Bla\u017e Grm se je udobno zavaljen v kav\u010d naenkrat izpovedal: <em>\u00bb\u017de nekaj let prej sem imel v mislih, da bi bilo smiselno zbrati se ponovno. Pred petimi, \u0161estimi leti smo se dobili dvakrat na pija\u010di in \u017ee takrat sem mislil, da se bomo bolj resno lotili. Pred tem sem veliko igral z Janijem Kova\u010di\u010dem, ki je bil zelo veliko anga\u017eiran z nastopi. Skoraj 25 let. Potem sem se zna\u0161el v drugih bendih in manjkalo mi je akcije. Bil sem prepri\u010dan, da bo stara ekipa za. \u010ce smo v najstni\u0161kih letih pizdili, je danes zadr\u017ekov \u0161e manj. Ta \u017eelja se mi je izpolnila in zdaj moramo prekiniti s to nostalgijo. Dajmo raz\u010distiti s to preteklostjo in povlecimo \u010drto.<\/em> <em>Moramo iti naprej!\u00ab<\/em><\/p>\n<p><em>\u00bbTako je bilo tudi mi\u0161ljeno,\u00ab<\/em> se je odzval Damo in se vedno bolj v\u017eivljal v vro\u010d pogovor.<\/p>\n<figure id=\"attachment_407\" aria-describedby=\"caption-attachment-407\" style=\"width: 400px\" class=\"wp-caption aligncenter\"><a href=\"https:\/\/novamuska.org\/wp-content\/uploads\/2010\/06\/Buldogi-v-Channel-Zero-21.4.2009-foto-Sebastijan-Iskra-4.jpg\"><img loading=\"lazy\" decoding=\"async\" class=\"size-full wp-image-407\" title=\"Buldogi-v-Channel-Zero-21.4.2009,-foto-Sebastijan-Iskra-(4)\" src=\"https:\/\/novamuska.org\/wp-content\/uploads\/2010\/06\/Buldogi-v-Channel-Zero-21.4.2009-foto-Sebastijan-Iskra-4.jpg\" alt=\"\" width=\"400\" height=\"267\" \/><\/a><figcaption id=\"caption-attachment-407\" class=\"wp-caption-text\">Channel Zero, 21. 4. 2009, foto: Sebastijan Iskra<\/figcaption><\/figure>\n<p><em>\u00bbMeni je veliko pomenilo &#8230;\u00ab<\/em> je prevzel besedo Rok Zupan. <em>\u00bbKo smo igrali, smo bili neverjetno produktivni. Imeli smo ogromno komadov, ki jih nismo nikoli posneli. Za nekatere mi je bilo stra\u0161no \u0161koda, da jih nismo posneli. Nisem pa vedel, da obstaja dokumentacija o tem. Ko smo se prvi\u010d dobili na istem mestu kot danes, je Ma\u010dek prinesel kaseto s posnetki. Zdelo se mi je fenomenalno, da imamo tonsko zabele\u017eeno. Kar nekaj stvari sem se spomnil, ve\u010dine pa seveda ne. Ko pa je Damo na\u0161el \u0161e zvezek z besedili, je bila \u010dista zmaga.\u00ab<\/em><\/p>\n<p><em>\u00a0<\/em><\/p>\n<figure id=\"attachment_406\" aria-describedby=\"caption-attachment-406\" style=\"width: 400px\" class=\"wp-caption aligncenter\"><em><em><a href=\"https:\/\/novamuska.org\/wp-content\/uploads\/2010\/06\/Buldogi-v-Channel-Zero-21.4.2009-foto-Sebastijan-Iskra-1.jpg\"><img loading=\"lazy\" decoding=\"async\" class=\"size-full wp-image-406\" title=\"Buldogi-v-Channel-Zero-21.4.2009,-foto-Sebastijan-Iskra-(1)\" src=\"https:\/\/novamuska.org\/wp-content\/uploads\/2010\/06\/Buldogi-v-Channel-Zero-21.4.2009-foto-Sebastijan-Iskra-1.jpg\" alt=\"\" width=\"400\" height=\"266\" \/><\/a><\/em><\/em><figcaption id=\"caption-attachment-406\" class=\"wp-caption-text\">Channel Zero, 21. 4. 2009, foto: Sebastijan Iskra<\/figcaption><\/figure>\n<p><em>\u00a0<\/em><em><br \/>\n<\/em><\/p>\n<p><em>\u00bbA niste obljubili, da boste vse to prinesli danes,<\/em>\u00ab je napadel Damo.<\/p>\n<p><em>\u00bbZvezek imam v avtu!\u00ab<\/em><\/p>\n<p><em>\u00bbV trezorju,\u00ab<\/em> je z nasme\u0161kom pod\u010drtal Ma\u010dek.<\/p>\n<p><em>\u00bbBili smo nasilno prekinjeni,\u00ab<\/em> se ni pustil zmesti Zupan. <em>\u00bb\u0160lo je za nedokon\u010dano zgodbo. Zato mi je fajn, da smo jo dokon\u010dali.\u00ab <\/em><\/p>\n<p><em>\u00bb\u010ce ne bi na\u0161li tiste kasete s pesmimi o Titu, na katerih je zabele\u017een zvo\u010dni arhiv, in \u010de ne bi na novo forenzin\u010dno detektirali teh posnetkov, kot je nekje \u017ee rekel Ma\u010dek, bi za\u010deli z novim bendom. Ker smo jih na\u0161li, je bilo zabavno spraviti to skupaj in narediti cede.\u00ab <\/em><\/p>\n<p><em>\u00a0<\/em><\/p>\n<figure id=\"attachment_409\" aria-describedby=\"caption-attachment-409\" style=\"width: 400px\" class=\"wp-caption aligncenter\"><em><em><a href=\"https:\/\/novamuska.org\/wp-content\/uploads\/2010\/06\/Buldogi-v-Menzi-pri-Koritu-25.5.2010-foto-Sebastijan-Iskra.jpg\"><img loading=\"lazy\" decoding=\"async\" class=\"size-full wp-image-409\" title=\"Buldogi-v-Menzi-pri-Koritu,-25.5.2010,-foto-Sebastijan-Iskra\" src=\"https:\/\/novamuska.org\/wp-content\/uploads\/2010\/06\/Buldogi-v-Menzi-pri-Koritu-25.5.2010-foto-Sebastijan-Iskra.jpg\" alt=\"\" width=\"400\" height=\"267\" \/><\/a><\/em><\/em><figcaption id=\"caption-attachment-409\" class=\"wp-caption-text\">Menza pri Koritu, 25. 5. 2010, foto: Sebastijan Iskra<\/figcaption><\/figure>\n<p><em>\u00a0<\/em><em><br \/>\n<\/em><\/p>\n<p>Konec lanskega leta so Buldogi izdali plo\u0161\u010do Rektospektiva 1979\u20131982 (<em>KAPA Records<\/em>, 2009) in z njo popravili zgodovinske krivice. V novo leto so vstopili z na\u010drtom kronati ga z novimi skladbami. Da mislijo \u010disto resno, so potrdili z avtobiografskim ren\u010danjem v komadu <em>Kolk rab\u0161?<\/em>, ki ga je izklesal Bla\u017e Grm iz osebne izku\u0161nje, ko je med nakupovanjem naletel na enega izmed na\u0161ih osamosvojiteljev. S to pesmijo so se uvrstili na kompilacijo Vala 202 <em>Val09<\/em> (ZKP RTV Slovenija, 2009) in tako mastno odebelili \u0161tevilko 09 v svojem povratni\u0161kem imenu Buld09i. Na vrnitev Buldogov so pomembno vplivali novi, \u00bbkrizni\u00ab \u010dasi. <em>\u00bbNe zgolj \u010dasi<strong>, <\/strong>predvsem razmere,\u00ab <\/em>je v imenu vseh kratko in jasno udaril Damo. <em>\u00bbMoram razo\u010darati bralce, pri meni ni bilo neke silne melanholije. S tem, kar igramo na tej plati, bi te\u017eko spravil na\u0161o generacijo iz kav\u010dev na koncert. Ni namenjeno na\u0161i generaciji, ampak mlaj\u0161i &#8230;\u00ab <\/em>\u017de, vendar je \u010dudno videti in sme\u0161no sli\u0161ati mo\u017ea sredi debelih \u0161tirideset let, kako poje, da mu je suhih \u0161tirinajst. So lahko pesmi izpred tridesetih let aktualne za dana\u0161njega najstnika? <em>\u00bbNa\u010deloma mi ne sme verjeti, ker jih pojem kot \u0161tiriin\u0161tiridesetletnik. Tistemu \u0161tirinajstletniku, ki mi danes verjame, ni pomo\u010di. Absolutno mora biti proti meni nastrojen: &#8216;Kaj bo meni ta stari prdec govoril!&#8217; No\u010dem, da mi verjame \u017ee zaradi medgeneracijske konfliktne razvojne faze.\u00ab<\/em><\/p>\n<p><em>\u00a0<\/em><\/p>\n<figure id=\"attachment_401\" aria-describedby=\"caption-attachment-401\" style=\"width: 400px\" class=\"wp-caption aligncenter\"><em><em><a href=\"https:\/\/novamuska.org\/wp-content\/uploads\/2010\/06\/1.jpg\"><img loading=\"lazy\" decoding=\"async\" class=\"size-full wp-image-401\" title=\"1\" src=\"https:\/\/novamuska.org\/wp-content\/uploads\/2010\/06\/1.jpg\" alt=\"\" width=\"400\" height=\"267\" \/><\/a><\/em><\/em><figcaption id=\"caption-attachment-401\" class=\"wp-caption-text\">Kri\u017eanke, 31. 5. 2010, foto: Goran Antlej<\/figcaption><\/figure>\n<p><em>\u00a0<\/em><\/p>\n<p>Za mizico se je vnela debata o aktualnih \u010dasih, ki jo je \u0161e dodatno podpihnil Janez Fifolt: <em>\u00bb\u010ce danes pogledam svojega\u00a0 petnajstletnega sina, se mi zdi, da se mu ni\u010d ne dogaja. Njegovi ideali so mu nedosegljivi.\u00ab <\/em>Kraj\u0161e medsebojno razlaganja pogledov na dana\u0161nje najstnike in mladino je preglasil vztrajni Damo: <em>\u00bbPredstavljajte si \u0161estnajstletnika, ki mu nudijo vse, materialno in finan\u010dno varnost. Danes so druga\u010dni atributi kot v na\u0161ih mladih letih \u2013 ko bo naredil maturo, mu je treba kupiti avto. Te\u017eko se je temu upreti. \u010ce si &#8216;bubreg v loju&#8217;, je povsem \u010dlove\u0161ko, da te\u017ei\u0161 k temu, da ostane tako. Neko\u010d so profesorji tepli s \u0161ibo. \u0160e jaz sem kle\u010dal na koruzi za kazen v \u0161oli \u2013 vse to je klicalo k uporu. \u010ce te zavijejo v vato, je te\u017eko re\u010di: &#8216;Dajte me \u0161e enkrat v\u017egat!&#8217; &#8216;Bubreg v loju&#8217; se te\u017eko upira. Vse je na star\u0161ih. O\u010ditno se je moja generacija \u2013 ne da bi vedel, da imam otroke, zato me ne \u0161teti med njih \u2013 imela za kaj deliti na pankerje in \u0161minkerje. \u0160minkerjev je bilo dale\u010d najve\u010d in prav oni vzgajajo svoje otroke tako. Tudi pankerji, so\u0161olci \u0161minkerjev, te\u017eko izstopijo iz te mase \u0161mink, ki tako vzgaja otroke. To pa zato, ker je &#8216;ta mau&#8217; preprosto stigmatiziran.\u00ab<\/em><\/p>\n<p>Ste razo\u010darani nad tem, kjer smo danes z na\u0161o dr\u017eavo?<\/p>\n<p><em>\u00bbAbsolutno,\u00ab<\/em> je brez zavor nadaljeval Damo, a mu je drugi gobec Buldogov RV Ma\u010dek<strong> <\/strong>za trenutek odgriznil ves zalet: <em>\u00bbKdaj nam je katera od dr\u017eav, v katerih smo \u017eiveli, kaj dala? Samo jemlje!\u00ab<\/em><\/p>\n<p><em>\u00bbTe\u017eko je vpra\u0161ati cel bend. Vsak ima svoj pogled. Slovenija je nastala s plebiscitom, na katerem nih\u010de ni glasoval za Slovenijo, ki jo imamo danes. No, mogo\u010de je Edo Pirkmajer \u0161e z dvema glasoval za tak\u0161no, kot jo imamo. Takrat smo hoteli samo iz Jugoslavije. \u010ce bi nam takrat rekli, da vse pustimo tako kot je, sem prepri\u010dan, da bi tudi najve\u010dji denacionalizacijski upravi\u010denci glasovali za tak\u0161no Slovenijo. Glasovali bi za \u0161tart iz nule, novo in malo \u0160vico. V to sem prepri\u010dan.\u00ab <\/em><\/p>\n<p><em>\u00a0<\/em><\/p>\n<figure id=\"attachment_402\" aria-describedby=\"caption-attachment-402\" style=\"width: 400px\" class=\"wp-caption aligncenter\"><em><em><a href=\"https:\/\/novamuska.org\/wp-content\/uploads\/2010\/06\/3.jpg\"><img loading=\"lazy\" decoding=\"async\" class=\"size-full wp-image-402\" title=\"3\" src=\"https:\/\/novamuska.org\/wp-content\/uploads\/2010\/06\/3.jpg\" alt=\"\" width=\"400\" height=\"267\" \/><\/a><\/em><\/em><figcaption id=\"caption-attachment-402\" class=\"wp-caption-text\">Kri\u017eanke, 31. 5. 2010, foto: Goran Antlej<\/figcaption><\/figure>\n<p><em>\u00a0<\/em><\/p>\n<p><em>\u00bbOpa, na Krvavcu si pa veliko premi\u0161ljeval,\u00ab<\/em> je s pripombo dregnil Ma\u010dek v Damota, ki je namre\u010d zamudil na na\u0161o seanso. Ni se zadr\u017eal na radiu, ampak si je tistega januarskega ponedeljka privo\u0161\u010dil smuko na Krvavcu, kjer se je sredi zavoja spomnil na na\u0161e dogovorjeno sre\u010danje ob 15-ih. Vendar vajen Ma\u010dkovega provociranja je nekaj po 16-ih nadaljeval razmi\u0161ljati na glas: <em>\u00bbPo osamosvojitvi, med 90. in 2000. leti nismo mogli biti preve\u010d kriti\u010dni, ker smo bili vsi \u2013 ho\u010de\u0161-no\u010de\u0161 \u2013 patriotski. Treba je bilo videti, kaj smo sploh dobili. Zdaj, ko vidimo, kaj je nastalo iz te osamosvojitve, je absolutna potreba po \u010dim ve\u010d tekstih, ki bi razfukali to na\u0161o milo slovencelj\u0161\u010dino.<\/em><em>\u00ab<\/em><\/p>\n<p><em>\u00a0<\/em><\/p>\n<figure id=\"attachment_403\" aria-describedby=\"caption-attachment-403\" style=\"width: 400px\" class=\"wp-caption aligncenter\"><em><em><a href=\"https:\/\/novamuska.org\/wp-content\/uploads\/2010\/06\/5.jpg\"><img loading=\"lazy\" decoding=\"async\" class=\"size-full wp-image-403\" title=\"5\" src=\"https:\/\/novamuska.org\/wp-content\/uploads\/2010\/06\/5.jpg\" alt=\"\" width=\"400\" height=\"267\" \/><\/a><\/em><\/em><figcaption id=\"caption-attachment-403\" class=\"wp-caption-text\">Kri\u017eanke, 31. 5. 2010, foto: Goran Antlej<\/figcaption><\/figure>\n<p><em>\u00a0<\/em><em><br \/>\n<\/em><\/p>\n<p><em>\u00bbDa, tabuje je treba spet razfukati,\u00ab<\/em> se je zresnil Ma\u010dek.<\/p>\n<p><em>\u00bbDanes je veliko ve\u010d materiala kot 1983, ko smo razpadli. Takrat so se razmahnila civilna gibanja in morda ni bilo ve\u010d tak\u0161ne potrebe po kritiki realnosti. Buldogi nikoli niso imeli tak\u0161nih pogojev in nikoli ni bilo toliko tem, kot jih je danes za obdelati,\u00ab <\/em>je grmel Damo. <em><\/em><\/p>\n<p><em>\u00bbTakrat so bili druga\u010dni \u010dasi, veliko stvari se ni povedalo naravnost. Bilo je zavito v meglo. Danes lahko ve\u010d pove\u0161 kot si lahko takrat,\u00ab <\/em>je bilo Ma\u010dkovo mnenje.<\/p>\n<p><em>\u00bbNiti slu\u010dajno,\u00ab <\/em>je zajedavo odreagiral Damo. <em>\u00bbTakrat nisi smel re\u010di: Kardelj, Tito in Milka Planinc, Fuck off! Danes tega ne sme\u0161 re\u010di za nikogar, tudi za Luko Novaka ali Domiclja &#8230; \u010ce bo\u0161 rekel, bo\u0161 pla\u010dal za to.\u00ab<\/em><\/p>\n<p><em>\u00bbSaj so te tudi takrat to\u017eili,\u00ab <\/em>se ni dal Ma\u010dek.<\/p>\n<p><em>\u00bbNiso te to\u017eili, uti\u0161ali so te!\u00ab. <\/em><\/p>\n<p><em>\u00bbTako kot mi zdaj pizdimo, pizdi \u010dlovek, odkar je na tem planetu. \u017de moj foter je bentil, pred njim pa njegov. Govorili so, da ne bo slu\u017eb in kruha, stvari pa so tekle naprej ravno tako,\u00ab<\/em> je pomirjeno segel v vro\u010do debato najbolj hladen med Buldogi, Bla\u017e.<\/p>\n<p>Razgreto vzdu\u0161je za mizico sem posku\u0161al \u0161e sam ohladiti z vpra\u0161anjem: <em>\u00bbKaj bi Buldogi leta 2010 sveteovali mladim bendom in mladim glasbenikom?\u00ab <\/em><\/p>\n<p><em>\u00bbNaj povejo v pesmih tisto, kar jih ti\u0161\u010di,\u00ab<\/em> je bil jedrnat Damo, medtem ko se \u0161e v kav\u010d zleknjeni Bla\u017e ni dal motiti: <em>\u00bbCitiral bi <\/em>Marka<em> <\/em>\u010cu\u010dka<em>. En mulc ga je vpra\u0161al, kaj naj naredi, da mu bo uspelo tako, kot je njemu, pa mu je odgovoril: &#8216;Kot prvo, ne sme\u0161 ni\u010d vadit! In kot drugo, povsod, kamor pride\u0161, se mora\u0161 stepst&#8217; in vse pofukat&#8217;!&#8217;\u00ab<\/em><\/p>\n<figure id=\"attachment_404\" aria-describedby=\"caption-attachment-404\" style=\"width: 400px\" class=\"wp-caption aligncenter\"><a href=\"https:\/\/novamuska.org\/wp-content\/uploads\/2010\/06\/8.jpg\"><img loading=\"lazy\" decoding=\"async\" class=\"size-full wp-image-404\" title=\"8\" src=\"https:\/\/novamuska.org\/wp-content\/uploads\/2010\/06\/8.jpg\" alt=\"Kri\u017eanke, 31. 5. 2010, foto: Goran Antlej\" width=\"400\" height=\"267\" \/><\/a><figcaption id=\"caption-attachment-404\" class=\"wp-caption-text\">Kri\u017eanke, 31. 5. 2010, foto: Goran Antlej<\/figcaption><\/figure>\n<p>Za Bla\u017eem se je oglasil Ma\u010dek z novimi rimami:<\/p>\n<p><em>\u00bbMi smo Buldogi, <\/em><\/p>\n<p><em>smo doma iz Most. <\/em><\/p>\n<p><em>Redkokdaj nam zmanjka, <\/em><\/p>\n<p><em>vsega imamo dost. <\/em><\/p>\n<p><em>Mi smo Buldogi, <\/em><\/p>\n<p><em>pri\u0161li smo iz kleti. <\/em><\/p>\n<p><em>Zdaj smo vsi debeli &#8230;<\/em><\/p>\n<p><em>hm, \u0161e ne vem, kako bi zaklju\u010dil.\u00ab<\/em><\/p>\n<p><em>\u00bbZob se nam zlati,\u00ab<\/em> je zaklju\u010dil Damo in spro\u017eil salvo smeha.<\/p>\n<p>Po slabih dveh urah posedanja, obujanja spominov in obdelovanja aktualnih \u010dasov se je pridru\u017eila razgreti dru\u0161\u010dini \u0161e <em>Janja<\/em><strong> <\/strong><em>Rehberger<\/em>. Z njenim prihodom se je na\u0161 formalni del intervjuja zaklju\u010dil. Nastopil je \u010das za naslednje korake, kdo bo postavil myspace, kdo bo skrbel za facebook, kako bodo postavili na noge uradno spletno stran, kak\u0161ni naj bodo finan\u010dni zahtevki za nastope &#8230; Povsem sodobna poslovna debata, polna isker. Pri Buldogih ne gre druga\u010de. Mladi ali stari, (\u0161e) vedno ren\u010dijo.<\/p>\n<figure id=\"attachment_405\" aria-describedby=\"caption-attachment-405\" style=\"width: 400px\" class=\"wp-caption aligncenter\"><a href=\"https:\/\/novamuska.org\/wp-content\/uploads\/2010\/06\/Buldogi-na-Metelkovi-foto-Sebastijan-Iskra.jpg\"><img loading=\"lazy\" decoding=\"async\" class=\"size-full wp-image-405\" title=\"Buldogi-na-Metelkovi,-foto-Sebastijan-Iskra\" src=\"https:\/\/novamuska.org\/wp-content\/uploads\/2010\/06\/Buldogi-na-Metelkovi-foto-Sebastijan-Iskra.jpg\" alt=\"\" width=\"400\" height=\"266\" \/><\/a><figcaption id=\"caption-attachment-405\" class=\"wp-caption-text\">Foto: Sebastijan Iskra<\/figcaption><\/figure>\n","protected":false},"excerpt":{"rendered":"<p>Intervju-portret: Buldogi, drugi del <\/p>\n","protected":false},"author":11,"featured_media":400,"comment_status":"closed","ping_status":"closed","sticky":false,"template":"","format":"standard","meta":{"footnotes":""},"categories":[8,15],"tags":[],"class_list":["post-399","post","type-post","status-publish","format-standard","has-post-thumbnail","hentry","category-intervjuji","category-portreti"],"_links":{"self":[{"href":"https:\/\/novamuska.org\/index.php?rest_route=\/wp\/v2\/posts\/399","targetHints":{"allow":["GET"]}}],"collection":[{"href":"https:\/\/novamuska.org\/index.php?rest_route=\/wp\/v2\/posts"}],"about":[{"href":"https:\/\/novamuska.org\/index.php?rest_route=\/wp\/v2\/types\/post"}],"author":[{"embeddable":true,"href":"https:\/\/novamuska.org\/index.php?rest_route=\/wp\/v2\/users\/11"}],"replies":[{"embeddable":true,"href":"https:\/\/novamuska.org\/index.php?rest_route=%2Fwp%2Fv2%2Fcomments&post=399"}],"version-history":[{"count":8,"href":"https:\/\/novamuska.org\/index.php?rest_route=\/wp\/v2\/posts\/399\/revisions"}],"predecessor-version":[{"id":6186,"href":"https:\/\/novamuska.org\/index.php?rest_route=\/wp\/v2\/posts\/399\/revisions\/6186"}],"wp:featuredmedia":[{"embeddable":true,"href":"https:\/\/novamuska.org\/index.php?rest_route=\/wp\/v2\/media\/400"}],"wp:attachment":[{"href":"https:\/\/novamuska.org\/index.php?rest_route=%2Fwp%2Fv2%2Fmedia&parent=399"}],"wp:term":[{"taxonomy":"category","embeddable":true,"href":"https:\/\/novamuska.org\/index.php?rest_route=%2Fwp%2Fv2%2Fcategories&post=399"},{"taxonomy":"post_tag","embeddable":true,"href":"https:\/\/novamuska.org\/index.php?rest_route=%2Fwp%2Fv2%2Ftags&post=399"}],"curies":[{"name":"wp","href":"https:\/\/api.w.org\/{rel}","templated":true}]}}