{"id":4294,"date":"2012-06-04T22:54:37","date_gmt":"2012-06-04T20:54:37","guid":{"rendered":"http:\/\/novamuska.org\/?p=4294"},"modified":"2013-02-12T11:09:11","modified_gmt":"2013-02-12T10:09:11","slug":"anderson-van-kemenade-mobus-glerum-bennink","status":"publish","type":"post","link":"https:\/\/novamuska.org\/?p=4294","title":{"rendered":"Anderson-Van Kemenade-M\u00f6bus-Glerum-Bennink"},"content":{"rendered":"<p>Fotozgodba s koncerta all-star jazz kvinteta Anderson-Van Kemenade-M\u00f6bus-Glerum-Bennink, 24. maj 2012, Narodni dom Maribor, Maribor. Avtor fotografij je Sa\u0161a Huzjak.<\/p>\n<p>&nbsp;<\/p>\n<p><a href=\"https:\/\/novamuska.org\/?attachment_id=4295\" rel=\"attachment wp-att-4295\"><img loading=\"lazy\" decoding=\"async\" class=\"aligncenter size-full wp-image-4295\" title=\"Anderson-Van Kemenade-M\u00c3\u00b6bus-Glerum-Bennink\" src=\"https:\/\/novamuska.org\/wp-content\/uploads\/2012\/06\/huzjak-20120524-Anderson-Van-Kemenade-Mobus-Glerum-Bennink-01_photoSasaHuzjak.jpg\" alt=\"\" width=\"600\" height=\"541\" \/><\/a><\/p>\n<p>&nbsp;<\/p>\n<p><a href=\"https:\/\/novamuska.org\/?attachment_id=4296\" rel=\"attachment wp-att-4296\"><img loading=\"lazy\" decoding=\"async\" class=\"aligncenter size-full wp-image-4296\" title=\"Anderson-Van Kemenade-M\u00c3\u00b6bus-Glerum-Bennink\" src=\"https:\/\/novamuska.org\/wp-content\/uploads\/2012\/06\/huzjak-20120524-Anderson-Van-Kemenade-Mobus-Glerum-Bennink-02_photoSasaHuzjak.jpg\" alt=\"\" width=\"399\" height=\"600\" \/><\/a><\/p>\n<p>&nbsp;<\/p>\n<p><a href=\"https:\/\/novamuska.org\/?attachment_id=4297\" rel=\"attachment wp-att-4297\"><img loading=\"lazy\" decoding=\"async\" class=\"aligncenter size-full wp-image-4297\" title=\"Anderson-Van Kemenade-M\u00c3\u00b6bus-Glerum-Bennink\" src=\"https:\/\/novamuska.org\/wp-content\/uploads\/2012\/06\/huzjak-20120524-Anderson-Van-Kemenade-Mobus-Glerum-Bennink-03_photoSasaHuzjak.jpg\" alt=\"\" width=\"600\" height=\"399\" \/><\/a><\/p>\n<p>&nbsp;<\/p>\n<p><a href=\"https:\/\/novamuska.org\/?attachment_id=4298\" rel=\"attachment wp-att-4298\"><img loading=\"lazy\" decoding=\"async\" class=\"aligncenter size-full wp-image-4298\" title=\"Anderson-Van Kemenade-M\u00c3\u00b6bus-Glerum-Bennink\" src=\"https:\/\/novamuska.org\/wp-content\/uploads\/2012\/06\/huzjak-20120524-Anderson-Van-Kemenade-Mobus-Glerum-Bennink-07_photoSasaHuzjak.jpg\" alt=\"\" width=\"399\" height=\"600\" \/><\/a><\/p>\n<p>&nbsp;<\/p>\n<p><a href=\"https:\/\/novamuska.org\/?attachment_id=4299\" rel=\"attachment wp-att-4299\"><img loading=\"lazy\" decoding=\"async\" class=\"aligncenter size-full wp-image-4299\" title=\"Anderson-Van Kemenade-M\u00c3\u00b6bus-Glerum-Bennink\" src=\"https:\/\/novamuska.org\/wp-content\/uploads\/2012\/06\/huzjak-20120524-Anderson-Van-Kemenade-Mobus-Glerum-Bennink-09_photoSasaHuzjak.jpg\" alt=\"\" width=\"600\" height=\"399\" \/><\/a><\/p>\n<p>&nbsp;<\/p>\n<p><a href=\"https:\/\/novamuska.org\/?attachment_id=4300\" rel=\"attachment wp-att-4300\"><img loading=\"lazy\" decoding=\"async\" class=\"aligncenter size-full wp-image-4300\" title=\"Anderson-Van Kemenade-M\u00c3\u00b6bus-Glerum-Bennink\" src=\"https:\/\/novamuska.org\/wp-content\/uploads\/2012\/06\/huzjak-20120524-Anderson-Van-Kemenade-Mobus-Glerum-Bennink-10_photoSasaHuzjak.jpg\" alt=\"\" width=\"600\" height=\"399\" \/><\/a><\/p>\n<p>&nbsp;<\/p>\n","protected":false},"excerpt":{"rendered":"<p>Fotozgodba z nastopa all-star jazz kvinteta&#8230;<\/p>\n","protected":false},"author":52,"featured_media":4301,"comment_status":"closed","ping_status":"closed","sticky":false,"template":"","format":"standard","meta":{"footnotes":""},"categories":[26,43],"tags":[],"class_list":["post-4294","post","type-post","status-publish","format-standard","has-post-thumbnail","hentry","category-fotozgodbe","category-sasa-huzjak"],"_links":{"self":[{"href":"https:\/\/novamuska.org\/index.php?rest_route=\/wp\/v2\/posts\/4294","targetHints":{"allow":["GET"]}}],"collection":[{"href":"https:\/\/novamuska.org\/index.php?rest_route=\/wp\/v2\/posts"}],"about":[{"href":"https:\/\/novamuska.org\/index.php?rest_route=\/wp\/v2\/types\/post"}],"author":[{"embeddable":true,"href":"https:\/\/novamuska.org\/index.php?rest_route=\/wp\/v2\/users\/52"}],"replies":[{"embeddable":true,"href":"https:\/\/novamuska.org\/index.php?rest_route=%2Fwp%2Fv2%2Fcomments&post=4294"}],"version-history":[{"count":15,"href":"https:\/\/novamuska.org\/index.php?rest_route=\/wp\/v2\/posts\/4294\/revisions"}],"predecessor-version":[{"id":5963,"href":"https:\/\/novamuska.org\/index.php?rest_route=\/wp\/v2\/posts\/4294\/revisions\/5963"}],"wp:featuredmedia":[{"embeddable":true,"href":"https:\/\/novamuska.org\/index.php?rest_route=\/wp\/v2\/media\/4301"}],"wp:attachment":[{"href":"https:\/\/novamuska.org\/index.php?rest_route=%2Fwp%2Fv2%2Fmedia&parent=4294"}],"wp:term":[{"taxonomy":"category","embeddable":true,"href":"https:\/\/novamuska.org\/index.php?rest_route=%2Fwp%2Fv2%2Fcategories&post=4294"},{"taxonomy":"post_tag","embeddable":true,"href":"https:\/\/novamuska.org\/index.php?rest_route=%2Fwp%2Fv2%2Ftags&post=4294"}],"curies":[{"name":"wp","href":"https:\/\/api.w.org\/{rel}","templated":true}]}}