{"id":511,"date":"2010-06-22T12:42:17","date_gmt":"2010-06-22T10:42:17","guid":{"rendered":"http:\/\/novamuska.org\/?p=511"},"modified":"2013-02-12T11:11:43","modified_gmt":"2013-02-12T10:11:43","slug":"koncert-40-folk-festival-ransater","status":"publish","type":"post","link":"https:\/\/novamuska.org\/?p=511","title":{"rendered":"KONCERT: 40. Folk festival Rans\u00e4ter"},"content":{"rendered":"<p>Vsako leto drugi vikend v juniju v \u0161vedsko pokrajino V\u00e4rmland z vseh strani pridrvi mno\u017eica ljubiteljev \u0161vedskih ljudskih godb. Cilj romanja je Rans\u00e4ter, ki nas ga ve\u010dina \u010dastilcev pozna samo po muzeju na prostem alias domu folk festivala Rans\u00e4ter (<em>Rans\u00e4ter spelmansst\u00e4mma<\/em>). Leto\u0161nje sre\u010danje je zaznamovala 40-letnica njegovega obstoja, kar sicer ni najdalj\u0161i sta\u017e med poletnimi folk festivali na \u0160vedskem, vendar se ga je kljub temu praznovalo na debelo.<\/p>\n<p><em> <\/em><\/p>\n<figure id=\"attachment_514\" aria-describedby=\"caption-attachment-514\" style=\"width: 400px\" class=\"wp-caption aligncenter\"><a href=\"https:\/\/novamuska.org\/wp-content\/uploads\/2010\/06\/PHY7014.jpg\"><img loading=\"lazy\" decoding=\"async\" class=\"size-full wp-image-514\" title=\"_PHY7014\" src=\"https:\/\/novamuska.org\/wp-content\/uploads\/2010\/06\/PHY7014.jpg\" alt=\"\" width=\"400\" height=\"172\" \/><\/a><figcaption id=\"caption-attachment-514\" class=\"wp-caption-text\">Zaradi de\u017eja je na festivalskem travniku namesto obi\u010dajne kakofonije se\u0161nov zevala praznina, foto: Zala Pezdir<\/figcaption><\/figure>\n<p><em>Spelmanst\u00e4mma<\/em> pomeni \u00bbzborovanje ljudskih godcev\u00ab in v prvi vrsti predstavlja aktivno sodelovanje udele\u017eenih, se pravi se\u0161nanje in ples. Kljub temu je prav Rans\u00e4ter od devetdesetih let dalje tisti festival, ki marsikoga privabi tudi zaradi bogatega uradnega programa \u2013 glasbenih in plesnih delavnic ter koncertov. Leto\u0161nja ponudba je bila \u0161e posebej bogata, kar je bila sre\u010da, saj je vztrajno de\u017eevje onemogo\u010dilo ve\u010dino se\u0161nanja, ki se sicer dogaja na prostem.<\/p>\n<p>Pred mokro realnostjo smo se skrivali v lesenih muzejskih hi\u0161ah: v eni si lahko prisluhnil ali pa plesal ob glasbi novega folk vala, v drugi se je plesalo <em>gammaldans<\/em>, kar je nekak\u0161na \u0161vedska razli\u010dica narodnozabavne glasbe (ima korenine v ljudski in popularni glasbi, ozna\u010dujeta pa jo tudi enakomernost in unifikacija forme), v tretji si se lahko vpisal na papirnati urnik ter igral za ples, v \u010detrti so bili izklju\u010dno koncerti. Jaz sem se letos v glavnem stiskala v prvem megaprostoru, kjer sta mi dva visoko energetska ve\u010dera polep\u0161ala poletje. V petek je imela za to zasluge predvsem skupina <em>Triller<\/em>.<\/p>\n<figure id=\"attachment_516\" aria-describedby=\"caption-attachment-516\" style=\"width: 400px\" class=\"wp-caption aligncenter\"><a href=\"https:\/\/novamuska.org\/wp-content\/uploads\/2010\/06\/PHY7026.jpg\"><img loading=\"lazy\" decoding=\"async\" class=\"size-full wp-image-516\" title=\"_PHY7026\" src=\"https:\/\/novamuska.org\/wp-content\/uploads\/2010\/06\/PHY7026.jpg\" alt=\"\" width=\"400\" height=\"266\" \/><\/a><figcaption id=\"caption-attachment-516\" class=\"wp-caption-text\">Ljudje so se poskrili na koncerte... (Na fotografiji: Mats Berglund), foto: Zala Pezdir<\/figcaption><\/figure>\n<p>Triller sestavljajo klarinet, violina, kitara in tolkala. Je skupina, ki dobro predstavlja sodobne trende na \u0161vedski ljudski sceni, saj v svoj repertoar uvr\u0161\u010da tako tradirane kot novo komponirane skladbe in hkrati brez problemov obenem zapolni plesi\u0161\u010de kot poslu\u0161alsko \u00bblo\u017eo\u00ab. Glede na to, da je instrumentalna ljudska glasba po svoji prvotni funkciji glasba za ples in da je repetitivi plesni groove \u010desto hudo te\u017eko narediti zanimivega za dolgotrajnej\u0161e sedentarno poslu\u0161anje, uspeh na obeh frontah nikakor ni ma\u010dji ka\u0161elj. Za povrh se skupina odli\u010dno znajde tudi v vodah klezmerjanske dinamike in balkanskega ritma, kar je niti slu\u010dajno ne stane izgube njene jasne \u0161vedske folk identitete. Na \u010d\u00e9ri folk kri\u017eanja, ob kateri se sicer potopi prenekateri sodobni bend, Triller ne nasede, ker njegove izvedbe bolj kot ekshibicija \u0161irokega vokabularija ozna\u010dujeta tanko\u010dutnost in kompleksnost glasbene dramaturgije.<\/p>\n<figure id=\"attachment_515\" aria-describedby=\"caption-attachment-515\" style=\"width: 400px\" class=\"wp-caption aligncenter\"><a href=\"https:\/\/novamuska.org\/wp-content\/uploads\/2010\/06\/PHY7016.jpg\"><img loading=\"lazy\" decoding=\"async\" class=\"size-full wp-image-515\" title=\"_PHY7016\" src=\"https:\/\/novamuska.org\/wp-content\/uploads\/2010\/06\/PHY7016.jpg\" alt=\"\" width=\"400\" height=\"266\" \/><\/a><figcaption id=\"caption-attachment-515\" class=\"wp-caption-text\">V kavarne... Foto: Zala Pezdir<\/figcaption><\/figure>\n<p>Leto\u0161nji Rans\u00e4ter je ponudil rekordno \u0161tevilo delavnic: tri instrumentalne, \u0161est pevskih, tri plesne in eno teoretske narave. Sobotni dan sem tako pre\u017eivela z violino v rokah in ob novih v\u00e4rmlandskih komadih, ki sta jih naprej predajala <em>Mats<\/em> <em>Berglund<\/em> in <em>Mats<\/em> <em>Ed\u00e9n<\/em> \u2013 ikoni v\u00e4rmlandske muzike. \u010ceprav si omenjeni starosti poleg prvega imena delita tudi gosla\u0161ko slavo, ki ne skriva vplivov norve\u0161kih godb (V\u00e4rmland na zahodu pa\u010d meji na Norve\u0161ko in tam sta v preteklosti oba Matsa kopala za sledovi starej\u0161ega v\u00e4rmlandskega god\u010devstva), njunega igranja ni mogo\u010de zamenjati. Berglunda lahko prepoznate po zaljubljenosti v nesimetri\u010dne ritmi\u010dne vzorce, ki jih je sam pomagal re\u0161iti pred pozabo, in po precej agresivnem lokovanju, medtem ko Ed\u00e9na za\u010dutite takoj, ko se zasli\u0161i nadsvetlobno tril\u010dkanje in izbrana raba \u010detrttonov. Oba mo\u017ea sta na svojih delavnicah nau\u010dila po eno od polsk iz zapu\u0161\u010dine <em>Magnusa<\/em> <em>Olssona<\/em>, v\u00e4rmlandskega v\u00e9likega godca, od \u010digar smrti letos mineva 100 let.<\/p>\n<figure id=\"attachment_513\" aria-describedby=\"caption-attachment-513\" style=\"width: 266px\" class=\"wp-caption aligncenter\"><img loading=\"lazy\" decoding=\"async\" class=\"size-full wp-image-513\" title=\"_PHY7000\" src=\"https:\/\/novamuska.org\/wp-content\/uploads\/2010\/06\/PHY7000.jpg\" alt=\"\" width=\"266\" height=\"400\" \/><figcaption id=\"caption-attachment-513\" class=\"wp-caption-text\">Na odre in igranje za ples... Foto: Zala Pezdir<\/figcaption><\/figure>\n<p>\u010ce mi je sobotni dan minil ob glasbenih delavnicah in dru\u017eabnem o\u017eivljanju s kavo, sem zve\u010der nestrpno \u010dakala na nastop Berglundovega tria. Pred njim smo na odru ujeli \u0161e <em>BML<\/em>, ki je skupina, vredna omembe zaradi svoje jazzovske in avtorske orientiranosti. Ko so na oder le pri\u0161li Berglund z violino, <em>Bleckman<\/em> s \u010delom in <em>Ralsg\u00e5rd<\/em> s sopranskim saksofonom, je hi\u0161o preplavila mno\u017eica plesnih \u010develjcev in gumijastih \u0161kornjev; \u010de si sedel, se nisi mogel premakniti, \u010de si plesal, si se premikal v sozvo\u010dju. Koncert Matsa Berglunda je pa\u010d koncert legende. Trio je igral marsikatero zelo znano in po se\u0161nih preigrano vi\u017eo, vendar nas je to samo veselilo, saj smo poslu\u0161ali \u00bboriginal\u00ab oziroma \u010dloveka, ki je te vi\u017ee pripeljal nazaj v svet in na njih zapustil osebni izvajalski pe\u010dat. Po zaslugi drugih dveh \u010dlanov tria je material tu zvenel tudi veliko bolj funkasti\u010dno in v\u010dasih rokersko, kot smo navajeni. Vriskanju s plesi\u0161\u010da ni hotelo biti konca.<\/p>\n<p>\u010ceprav so se istega ve\u010dera na odrih festivala zvrstila \u0161e imena, kot so <em>V\u00e4sen<\/em>, <em>Sver<\/em>, <em>MP3<\/em>, <em>Emma<\/em> <em>Reid<\/em> in <em>Thuva<\/em> <em>H\u00e4rdelin<\/em>, sem svojim plju\u010dem raj\u0161i privo\u0161\u010dila izlet na sve\u017e zrak. Nebo se je tudi prenehalo kisati in v spodnjem kampu ob reki je moja god\u010devska ekipa (po \u0161vedsko <em>spelmanslag<\/em>) pekla hrenovke. To je na\u0161a vsakoletna peka, ki vodi v muzi\u010darsko snidenje starih in novih \u010dlanov in kasneje v igranje za ples. V nedeljo ob \u0161tirih zjutraj smo bili na vrsti v eni od gornjih lesenih hi\u0161 in po plesnem podu se je takrat \u0161e vedno vrtelo veliko \u0161tevilo posko\u010dnih nog. Enkrat v \u0161tiri-, drugi\u010d seveda v tri\u010detrtinskem taktu s prvo in tretjo dobo poudarjeno.<em> Tjo och tjim!<\/em><\/p>\n<figure id=\"attachment_517\" aria-describedby=\"caption-attachment-517\" style=\"width: 400px\" class=\"wp-caption aligncenter\"><a href=\"https:\/\/novamuska.org\/wp-content\/uploads\/2010\/06\/PHY7060.jpg\"><img loading=\"lazy\" decoding=\"async\" class=\"size-full wp-image-517\" title=\"_PHY7060\" src=\"https:\/\/novamuska.org\/wp-content\/uploads\/2010\/06\/PHY7060.jpg\" alt=\"\" width=\"400\" height=\"266\" \/><\/a><figcaption id=\"caption-attachment-517\" class=\"wp-caption-text\">In na plesi\u0161\u010da, foto: Zala Pezdir<\/figcaption><\/figure>\n<p>Vsi, ki smo pri\u0161li v Rans\u00e4ter kljub depresivni vremenski napovedi in ki smo na festivalu vztrajali kljub zamo\u010denim \u010devljem in spalnim vre\u010dam, smo od tam od\u0161li z dobro voljo in svetlimi na\u010drti za naslednje leto. Seveda so poprej na spisku \u0161e Bingsj\u00f6, Boda, Delsbo, Burtr\u00e4sk, Korr\u00f6 in drugi poletni folk festivali!<\/p>\n<p>Povezave:<\/p>\n<div><a href=\"http:\/\/www.triller.se\/eng.php\" target=\"_blank\">Triller<\/a><\/div>\n<div><a href=\"http:\/\/www.triller.se\/eng.php\" target=\"_blank\"><\/a><\/div>\n<div><a href=\"http:\/\/www.matsberglund.se\/\" target=\"_blank\">Mats Berglund<\/a><\/div>\n<div><a href=\"http:\/\/www.matsberglund.se\/\" target=\"_blank\"><\/a><\/div>\n<div><a href=\"http:\/\/www.matseden.se\/\" target=\"_blank\">Mats  Ed\u00e9n<\/a><\/div>\n<div><a href=\"http:\/\/www.myspace.com\/blmstockholm\" target=\"_blank\">BLM<\/a><\/div>\n<div><em>Uradni spletni strani obeh Matsov sta v \u0161ved\u0161\u010dini, vendar imata oba zgoraj  desno link, kjer pi\u0161e &#8216;lyssna&#8217;. To je link do glasbenih posnetkov<\/em>.<\/div>\n","protected":false},"excerpt":{"rendered":"<p>Rans\u00e4ter, \u0160vedska, 10. &#8211; 13. 6. 2010<\/p>\n","protected":false},"author":21,"featured_media":512,"comment_status":"closed","ping_status":"closed","sticky":false,"template":"","format":"standard","meta":{"footnotes":""},"categories":[5],"tags":[],"class_list":["post-511","post","type-post","status-publish","format-standard","has-post-thumbnail","hentry","category-koncerti"],"_links":{"self":[{"href":"https:\/\/novamuska.org\/index.php?rest_route=\/wp\/v2\/posts\/511","targetHints":{"allow":["GET"]}}],"collection":[{"href":"https:\/\/novamuska.org\/index.php?rest_route=\/wp\/v2\/posts"}],"about":[{"href":"https:\/\/novamuska.org\/index.php?rest_route=\/wp\/v2\/types\/post"}],"author":[{"embeddable":true,"href":"https:\/\/novamuska.org\/index.php?rest_route=\/wp\/v2\/users\/21"}],"replies":[{"embeddable":true,"href":"https:\/\/novamuska.org\/index.php?rest_route=%2Fwp%2Fv2%2Fcomments&post=511"}],"version-history":[{"count":6,"href":"https:\/\/novamuska.org\/index.php?rest_route=\/wp\/v2\/posts\/511\/revisions"}],"predecessor-version":[{"id":521,"href":"https:\/\/novamuska.org\/index.php?rest_route=\/wp\/v2\/posts\/511\/revisions\/521"}],"wp:featuredmedia":[{"embeddable":true,"href":"https:\/\/novamuska.org\/index.php?rest_route=\/wp\/v2\/media\/512"}],"wp:attachment":[{"href":"https:\/\/novamuska.org\/index.php?rest_route=%2Fwp%2Fv2%2Fmedia&parent=511"}],"wp:term":[{"taxonomy":"category","embeddable":true,"href":"https:\/\/novamuska.org\/index.php?rest_route=%2Fwp%2Fv2%2Fcategories&post=511"},{"taxonomy":"post_tag","embeddable":true,"href":"https:\/\/novamuska.org\/index.php?rest_route=%2Fwp%2Fv2%2Ftags&post=511"}],"curies":[{"name":"wp","href":"https:\/\/api.w.org\/{rel}","templated":true}]}}