{"id":8807,"date":"2014-04-20T01:59:19","date_gmt":"2014-04-19T23:59:19","guid":{"rendered":"http:\/\/novamuska.org\/?p=8807"},"modified":"2014-04-17T02:03:59","modified_gmt":"2014-04-17T00:03:59","slug":"koncert-simfonicni-orkester-rtv-slovenija-v-mozartinah","status":"publish","type":"post","link":"https:\/\/novamuska.org\/?p=8807","title":{"rendered":"KONCERT: Simfoni\u010dni orkester RTV Slovenija v Mozartinah"},"content":{"rendered":"<p><!--[if gte mso 9]><xml>\n <w:WordDocument>\n  <w:View>Normal<\/w:View>\n  <w:Zoom>0<\/w:Zoom>\n  <w:Compatibility>\n   <w:BreakWrappedTables\/>\n   <w:SnapToGridInCell\/>\n   <w:WrapTextWithPunct\/>\n   <w:UseAsianBreakRules\/>\n  <\/w:Compatibility>\n  <w:BrowserLevel>MicrosoftInternetExplorer4<\/w:BrowserLevel>\n <\/w:WordDocument>\n<\/xml><![endif]--><\/p>\n<p><!--[if !mso]><object classid=\"clsid:38481807-CA0E-42D2-BF39-B33AF135CC4D\" id=ieooui><\/object>\n\n\n<style>\nst2\\:*{behavior:url(#ieooui) }st1\\:*{behavior:url(#ieooui) }\n<\/style>\n\n\n<![endif]--><!--[if gte mso 10]>\n\n\n<style>\n \/* Style Definitions *\/\n table.MsoNormalTable\n\t{mso-style-name:\"Table Normal\";\n\tmso-tstyle-rowband-size:0;\n\tmso-tstyle-colband-size:0;\n\tmso-style-noshow:yes;\n\tmso-style-parent:\"\";\n\tmso-padding-alt:0cm 5.4pt 0cm 5.4pt;\n\tmso-para-margin:0cm;\n\tmso-para-margin-bottom:.0001pt;\n\tmso-pagination:widow-orphan;\n\tfont-size:10.0pt;\n\tfont-family:\"Times New Roman\";}\n<\/style>\n\n\n<![endif]-->Nedeljski dopoldanski matinejski koncerti, ki jih je Simfoni\u010dni orkester RTV Slovenija po dolgi prekinitvi ponovno uvedel pred nekaj leti in jih poimenoval Mozartine, so se \u017ee dodobra uveljavili in pri publiki postali zelo priljubljeni. Odlo\u010ditev je bila torej pravilna, pa tudi sam koncept koncertov, ki prina\u0161ajo nekoliko bolj spro\u0161\u010den in prete\u017eno klasicisti\u010den program, je dobro zastavljen in za tovrstne koncerte zelo primeren. Na zadnjem koncertu smo v veliki dvorani Slovenske filharmonije prisluhnili skladbam Prokofjeva, Mozarta in Brahmsa.<\/p>\n<p>Prva simfonija Sergeja Prokofjeva, ki nosi podnaslov &#8216;klasi\u010dna&#8217;, je zares tak\u0161na v prav vseh pogledih; tako kompozicijskem kot strukturnem in &#8220;zasedbenem&#8221;. Postavitev orkestra je namre\u010d enaka tisti iz Mozartovih \u010dasov. Od \u0161tirih stavkov ima uvodni allegro klasi\u010dno sonatno obliko, tretji je pisan kot priljubljena francoska gavota, sklepni finale pa je hiter, vihrav in impresiven. Celotna skladba tako poskrbi za zelo prijetno poslu\u0161alsko izku\u0161njo in tako je bilo tudi tokrat, saj smo sli\u0161ali zanosno, z \u017earom odigrano izvedbo, za katero gre veliko zaslugo pripisati energi\u010dnemu in nasmejanemu dirigentu Azisu Sadikovi\u0107u, ki je skladbo \u2013 pohvalno \u2013 dirigiral na pamet (koncertni list je navajal dirigentko?!). V II. stavku je bilo prijetno poslu\u0161ati preciznost v bolj ritmi\u010dnih pizzicato\/staccato pasa\u017eah, do izraza pa sta pri\u0161la predvsem izvrstna pihalna solista Brina Kafol in Jo\u017ee Kotar. \u0160e posebej do\u017eiveto je orkester zaigral znano gavoto III. stavka, IV. pa je bil res ble\u0161\u010de\u010di finale.<\/p>\n<p>Priljubljeni Mozartov Koncert za flavto, harfo in orkester v C-duru je tako lep in eleganten, da resni\u010dno ne gre verjeti obrabljeni \u0161toriji o tem, kako zelo je Mozart menda preziral flavto kot instrument. Obe solistki, ki prihajata iz vrst orkestra, sta bili odli\u010dni. Flavtistka Irena Kav\u010di\u010d in harfistka Sofia Ristic sta navdu\u0161ili z \u017elahtno in ob\u010duteno izvedbo ter jo oplemenitili z lepo izpeljano kadenco v I. stavku. Orkester je z obema solistkama vzpostavil prijeten odnos z majhnima izjemama ob\u010dasne preglasne spremljave v II. in nekaj nedoslednosti pri skupni igri v III. stavku. Koncert, ki bi glede na prakso \u010dasa, v katerem je bil napisan, sicer lahko nastal in obstal tudi kot koncertantna simfonija, so vsi nastopajo\u010di vsekakor izvedli o\u010darljivo in s pravo mero mozartovske prefinjenosti, solistki pa sta to glasbeno sinergijo dvignili na \u0161e vi\u0161jo raven.<\/p>\n<p>Johannes Brahms, ki ga morda ve\u010dina pozna po bolj velikopoteznih delih (simfonije, klavirska koncerta, Nem\u0161ki rekviem &#8230;), je vendarle zapustil tudi zelo impresiven opus komorne glasbe. Klavirski kvartet \u0161t. 1 v g-molu je odli\u010den predstavnik, v orkestracijo pa ga je vzel nih\u010de drug kot znameniti Arnold Sch\u00f6nberg. Njegova orkestracija je premi\u0161ljena, dovr\u0161ena in inovativna in za orkestrsko izvedbo pravi dinamit. Na podalj\u0161anem odru smo tokrat videli zares veliko zasedbo orkestra, kar pa je v omenjeni dvorani SF hitro znak za alarm, saj prostor, v katerem je nedavni Mozartov koncert zazvenel tako prijetno, zelo slabo prena\u0161a velike dinami\u010dne obremenitve. Ravno teh pa je pri Brahmsu\/Sch\u00f6nbergu v izobilju in so prina\u0161ale te\u017eave tudi tokrat. Orkester je sicer navdu\u0161eval s prepri\u010dljivo in \u010dvrsto izvedbo, ki pa je bila za dvorano SF preprosto preglasna. Sch\u00f6nbergova barvita partitura je zvenela bogato tudi vzlic omenjene \u0161tevil\u010dnosti orkestra (po tri flavte, oboe in trobente, kontrafagot, \u0161tirje rogovi, ksilofon &#8230;), omeniti pa je treba tudi odli\u010dnega timpanista Andra\u017ea Poljanca, ki je \u0161e kako uspe\u0161no nasledil dolgoletnega \u010dlana Borisa \u0160urbka. Orkestralno izvedbo Brahmsove komorne mojstrovine je navdu\u0161ujo\u010de sklenil mad\u017earsko-ciganski finale in pustil veliko pri\u010dakovanje tudi za zadnji koncert cikla te sezone, na katerem bo med drugim zazvenela Beethovnova Eroica.<\/p>\n","protected":false},"excerpt":{"rendered":"<p>Kozinova dvorana Slovenske filharmonije, 6. april 2014 \/ Azis Sadikovi\u0107, dirigent; Irena Kav\u010di\u010d, flavta in Sofia Ristic, harfa<\/p>\n","protected":false},"author":41,"featured_media":8808,"comment_status":"closed","ping_status":"closed","sticky":false,"template":"","format":"standard","meta":{"footnotes":""},"categories":[5,4],"tags":[],"class_list":["post-8807","post","type-post","status-publish","format-standard","has-post-thumbnail","hentry","category-koncerti","category-recenzije"],"_links":{"self":[{"href":"https:\/\/novamuska.org\/index.php?rest_route=\/wp\/v2\/posts\/8807","targetHints":{"allow":["GET"]}}],"collection":[{"href":"https:\/\/novamuska.org\/index.php?rest_route=\/wp\/v2\/posts"}],"about":[{"href":"https:\/\/novamuska.org\/index.php?rest_route=\/wp\/v2\/types\/post"}],"author":[{"embeddable":true,"href":"https:\/\/novamuska.org\/index.php?rest_route=\/wp\/v2\/users\/41"}],"replies":[{"embeddable":true,"href":"https:\/\/novamuska.org\/index.php?rest_route=%2Fwp%2Fv2%2Fcomments&post=8807"}],"version-history":[{"count":1,"href":"https:\/\/novamuska.org\/index.php?rest_route=\/wp\/v2\/posts\/8807\/revisions"}],"predecessor-version":[{"id":8809,"href":"https:\/\/novamuska.org\/index.php?rest_route=\/wp\/v2\/posts\/8807\/revisions\/8809"}],"wp:featuredmedia":[{"embeddable":true,"href":"https:\/\/novamuska.org\/index.php?rest_route=\/wp\/v2\/media\/8808"}],"wp:attachment":[{"href":"https:\/\/novamuska.org\/index.php?rest_route=%2Fwp%2Fv2%2Fmedia&parent=8807"}],"wp:term":[{"taxonomy":"category","embeddable":true,"href":"https:\/\/novamuska.org\/index.php?rest_route=%2Fwp%2Fv2%2Fcategories&post=8807"},{"taxonomy":"post_tag","embeddable":true,"href":"https:\/\/novamuska.org\/index.php?rest_route=%2Fwp%2Fv2%2Ftags&post=8807"}],"curies":[{"name":"wp","href":"https:\/\/api.w.org\/{rel}","templated":true}]}}